{"id":201,"date":"2023-01-26T16:04:49","date_gmt":"2023-01-26T16:04:49","guid":{"rendered":"https:\/\/seppohakkinen.fi\/wordpress\/index.php\/2024\/01\/01\/uskonto-turvan-ja-vakauden-vahvistajana\/"},"modified":"2024-03-11T16:15:19","modified_gmt":"2024-03-11T16:15:19","slug":"uskonto-turvan-ja-vakauden-vahvistajana","status":"publish","type":"post","link":"https:\/\/seppohakkinen.fi\/wordpress\/index.php\/2023\/01\/26\/uskonto-turvan-ja-vakauden-vahvistajana\/","title":{"rendered":"Uskonto turvan ja vakauden vahvistajana"},"content":{"rendered":"<p><em>Blogi-kirjoitus kirkon hallitusohjelmatavoitteista<\/em><\/p>\n<p>Lauletaanko suvivirsi koulun kev\u00e4tjuhlassa? Esitet\u00e4\u00e4nk\u00f6 joulukuvaelma p\u00e4iv\u00e4kodin joulutilaisuudessa? Piilotetaanko kirkontornin risti festivaaliesitteest\u00e4? Leikataanko itsen\u00e4isyysp\u00e4iv\u00e4n paraatin televisiol\u00e4hetyksest\u00e4 kentt\u00e4hartaus pois?<\/p>\n<p>Viime aikoina on ollut lukuisia esimerkkej\u00e4 siit\u00e4, miten uskonto halutaan pois julkisuudesta pelk\u00e4st\u00e4\u00e4n yksityisel\u00e4m\u00e4n piiriin.<\/p>\n<p>Sata vuotta sitten vuonna 1923 tuli voimaan itsen\u00e4isen Suomen ensimm\u00e4inen uskonnonvapauslaki. Se uusittiin vuonna 2003. Professori Ilkka Huhta on kiteytt\u00e4nyt, ett\u00e4 vuoden 1923 laki tarvittiin negatiivisen \u00aduskonnonvapauden turvaamiseksi. Vuonna 2003 s\u00e4\u00e4detty \u00aduusi uskonnonvapauslaki taas tarvittiin positiivisen uskon\u00adnonvapauden turvaamiseksi.<\/p>\n<p>Negatiivinen uskonnonvapaus merkitsee vapautta uskonnosta, positiivinen taas vapautta uskontoon. Molemmat ovat t\u00e4rkeit\u00e4 perustuslain takaamia oikeuksia. Uskonnon ja omantunnon vapaus liittyy olennaisesti sananvapauteen sek\u00e4 kokoontumis- ja yhdistymisvapauteen.<\/p>\n<p>Uskonto on olennaisesti kulttuuria luova tekij\u00e4, usein sen syvin ydin. Vaikka usko on leimallisesti yksityinen asia, samanaikaisesti uskonto on n\u00e4kyv\u00e4 osa julkista el\u00e4m\u00e4npiiri\u00e4. Yhteiskunta ei voi olla uskonnollisista piirteist\u00e4, vaikutteista tai symboleista tyhj\u00e4. P\u00e4invastoin uskonto on perinteisesti kuulunut maamme yhteiskuntaj\u00e4rjestykseen ja julkiseen el\u00e4m\u00e4\u00e4n.<\/p>\n<p>Uskonnon vaikutuksen on katsottu olevan yksi merkitt\u00e4v\u00e4 tekij\u00e4 pohjoismaisen yhteiskunnan kehityksess\u00e4 ja hyvinvoinnin vahvistumisessa. On historiatonta ty\u00f6nt\u00e4\u00e4 uskonto piiloon tai j\u00e4tt\u00e4\u00e4 se pois kasvatuksesta.<\/p>\n<p>Uskontokuntiin kuulumattomien m\u00e4\u00e4r\u00e4 ja uskonnollinen moninaistuminen on lis\u00e4\u00e4ntynyt. Se ei tarkoita, etteiv\u00e4tk\u00f6 uskonnot symboleineen voisi n\u00e4ky\u00e4 yhteiskunnassa. Mik\u00e4li t\u00e4llaisessa tilanteessa halutaan edist\u00e4\u00e4 suvaitsevaisuutta, tasa-arvoa ja vapautta, annetaan uskonnoille ja katsomuksille tilaa ja toimintamahdollisuuksia my\u00f6s julkisessa el\u00e4m\u00e4ss\u00e4.<\/p>\n<p>Monet kirkot ja uskonnolliset yhteis\u00f6t toimivat vahvasti yhteiskunnassa, erityisesti auttamis- ja kasvatusty\u00f6ss\u00e4. Luterilaisista arvoista ja ajatuksista on tullut niin elimellinen osa yhteiskuntaa, ettei niit\u00e4 en\u00e4\u00e4 edes tunnisteta uskonnollisper\u00e4isiksi. Kirkkojen ty\u00f6n marginalisoiminen heikent\u00e4\u00e4 koko yhteiskuntaa.<\/p>\n<p>Koko 2020-luku on merkinnyt ep\u00e4varmuuden lis\u00e4\u00e4ntymist\u00e4 sek\u00e4 yksil\u00f6iden el\u00e4m\u00e4ss\u00e4 ett\u00e4 koko yhteiskunnan ja maailman tulevaisuudessa. Kriisit ovat osoittaneet, ett\u00e4 usko tuo merkityst\u00e4, turvaa ja toivoa ihmisten el\u00e4m\u00e4\u00e4n. Kirkkojen ja uskonnollisten yhteis\u00f6jen toimintavapaus ja -mahdollisuudet on siksi turvattava my\u00f6s tulevaisuudessa. Samalla edistet\u00e4\u00e4n yhteiskunnan vakautta ja turvallisuutta.<\/p>\n","protected":false},"excerpt":{"rendered":"<p>Blogi-kirjoitus kirkon hallitusohjelmatavoitteista Lauletaanko suvivirsi koulun kev\u00e4tjuhlassa? Esitet\u00e4\u00e4nk\u00f6 joulukuvaelma p\u00e4iv\u00e4kodin joulutilaisuudessa? Piilotetaanko kirkontornin risti festivaaliesitteest\u00e4? Leikataanko itsen\u00e4isyysp\u00e4iv\u00e4n paraatin televisiol\u00e4hetyksest\u00e4 kentt\u00e4hartaus pois? Viime aikoina on ollut lukuisia esimerkkej\u00e4 siit\u00e4, miten uskonto halutaan pois julkisuudesta pelk\u00e4st\u00e4\u00e4n yksityisel\u00e4m\u00e4n piiriin. Sata vuotta sitten vuonna 1923 tuli voimaan itsen\u00e4isen Suomen ensimm\u00e4inen uskonnonvapauslaki. Se uusittiin vuonna 2003. Professori Ilkka Huhta on &#8230; <a title=\"Uskonto turvan ja vakauden vahvistajana\" class=\"read-more\" href=\"https:\/\/seppohakkinen.fi\/wordpress\/index.php\/2023\/01\/26\/uskonto-turvan-ja-vakauden-vahvistajana\/\" aria-label=\"Lue lis\u00e4\u00e4 aiheesta Uskonto turvan ja vakauden vahvistajana\">Lue lis\u00e4\u00e4<\/a><\/p>\n","protected":false},"author":1,"featured_media":0,"comment_status":"closed","ping_status":"open","sticky":false,"template":"","format":"standard","meta":{"footnotes":""},"categories":[4],"tags":[16],"class_list":["post-201","post","type-post","status-publish","format-standard","hentry","category-kirjoituksia","tag-16"],"_links":{"self":[{"href":"https:\/\/seppohakkinen.fi\/wordpress\/index.php\/wp-json\/wp\/v2\/posts\/201","targetHints":{"allow":["GET"]}}],"collection":[{"href":"https:\/\/seppohakkinen.fi\/wordpress\/index.php\/wp-json\/wp\/v2\/posts"}],"about":[{"href":"https:\/\/seppohakkinen.fi\/wordpress\/index.php\/wp-json\/wp\/v2\/types\/post"}],"author":[{"embeddable":true,"href":"https:\/\/seppohakkinen.fi\/wordpress\/index.php\/wp-json\/wp\/v2\/users\/1"}],"replies":[{"embeddable":true,"href":"https:\/\/seppohakkinen.fi\/wordpress\/index.php\/wp-json\/wp\/v2\/comments?post=201"}],"version-history":[{"count":5,"href":"https:\/\/seppohakkinen.fi\/wordpress\/index.php\/wp-json\/wp\/v2\/posts\/201\/revisions"}],"predecessor-version":[{"id":3435,"href":"https:\/\/seppohakkinen.fi\/wordpress\/index.php\/wp-json\/wp\/v2\/posts\/201\/revisions\/3435"}],"wp:attachment":[{"href":"https:\/\/seppohakkinen.fi\/wordpress\/index.php\/wp-json\/wp\/v2\/media?parent=201"}],"wp:term":[{"taxonomy":"category","embeddable":true,"href":"https:\/\/seppohakkinen.fi\/wordpress\/index.php\/wp-json\/wp\/v2\/categories?post=201"},{"taxonomy":"post_tag","embeddable":true,"href":"https:\/\/seppohakkinen.fi\/wordpress\/index.php\/wp-json\/wp\/v2\/tags?post=201"}],"curies":[{"name":"wp","href":"https:\/\/api.w.org\/{rel}","templated":true}]}}