{"id":210,"date":"2023-06-22T16:04:50","date_gmt":"2023-06-22T16:04:50","guid":{"rendered":"https:\/\/seppohakkinen.fi\/wordpress\/index.php\/2024\/01\/01\/nuorena-opittu-kantaa-lapi-elaman\/"},"modified":"2024-02-09T14:21:13","modified_gmt":"2024-02-09T14:21:13","slug":"nuorena-opittu-kantaa-lapi-elaman","status":"publish","type":"post","link":"https:\/\/seppohakkinen.fi\/wordpress\/index.php\/2023\/06\/22\/nuorena-opittu-kantaa-lapi-elaman\/","title":{"rendered":"Nuorena opittu kantaa l\u00e4pi el\u00e4m\u00e4n"},"content":{"rendered":"<p>Tervehdyskirjoitus Sotilaspoika-lehteen 2-2023<\/p>\n<p>\u201dParasta, mik\u00e4 miehess\u00e4 s\u00e4ilyy hautaan saakka, on h\u00e4ness\u00e4 asuva poika!\u201d N\u00e4in muistan opetusneuvos, rovasti Pentti Tapion usein toistaneen. H\u00e4n teki el\u00e4m\u00e4nty\u00f6ns\u00e4 poikien ja sotaveteraanien pappina ja siksi tiesi, mist\u00e4 puhui.<\/p>\n<p>Pentti Tapion lausahduksen taustalla voi n\u00e4hd\u00e4 Raamatun Sananlaskujen (22:6) neuvon: \u201dTotuta poikanen tiens\u00e4 suuntaan, niin h\u00e4n ei vanhanakaan siit\u00e4 poikkea.\u201d (KR38). Sama sanotaan nykyk\u00e4\u00e4nn\u00f6ksess\u00e4: \u201dOhjaa lapsi heti oikealle tielle, niin h\u00e4n vanhanakaan ei silt\u00e4 poikkea.\u201d (KR92).<\/p>\n<p>Sotilaspoikien valtakunnalliseen ohjelmaan oli kirjattu kahdeksan toiminta-aluetta. Ne liittyiv\u00e4t kansalaiskasvatukseen, fyysisen ja psyykkisen hyvinvoinnin vahvistamiseen sek\u00e4 sotilaspoikien toiminnassa tarvittavien valmiuksien omaksumiseen.<\/p>\n<p>Tavoitteena oli kasvattaa velvollisuudentuntoisia kansalaisia, jotka kykeniv\u00e4t kantamaan vastuuta ja toimimaan yhdess\u00e4 is\u00e4nmaan hyv\u00e4ksi. Vaikka sotilaspojat olivat nimens\u00e4 mukaisesti poikia, he tekiv\u00e4t vaikeina sotavuosina miehen ty\u00f6n.<\/p>\n<p>Nuorena opittu on kantanut l\u00e4pi el\u00e4m\u00e4n. Niin sotilaspojat kuin pikkulotat ovat veteraanien ja lottien kanssa muokanneet suomalaisten arvoperustaa. Se on tullut esille paitsi sotavuosina my\u00f6s j\u00e4lleenrakennuksen aikana ja n\u00e4kyy yh\u00e4 suomalaisten vahvana maanpuolustustahtona.<\/p>\n<p>Meit\u00e4 edelt\u00e4neiden sukupolvien el\u00e4m\u00e4narvot ovat osoittautuneet kest\u00e4viksi. Olemme pystyneet luomaan itsen\u00e4isen ja vapaan yhteiskunnan, jossa kaikista puutteistaan huolimatta on hyv\u00e4 el\u00e4\u00e4. Kyse on henkisest\u00e4 huoltovarmuudesta, jonka rakentaminen on pitk\u00e4j\u00e4nteist\u00e4 ty\u00f6t\u00e4.<\/p>\n<p>Maailman talousfoorumin tuore raportti ennakoi, ett\u00e4 edess\u00e4 on monikriisien vuosikymmenen. Historioitsijat ovat puhuneet kylm\u00e4n sodan j\u00e4lkeisest\u00e4 vedenjakaja-ajasta (Kimmo Rentola) ja t\u00e4ll\u00e4 hetkell\u00e4 vallitsevasta monih\u00e4iri\u00f6tilasta (Adam Tooze).<\/p>\n<p>Kriisinkest\u00e4vyyden ja varautumisen merkitys on toistunut analyyseiss\u00e4 ja arvioissa yh\u00e4 useammin. Samanaikaisesti olisi kyett\u00e4v\u00e4 hoitamaan \u00e4killisi\u00e4 kriisej\u00e4 unohtamatta maailmanlaajuisia ponnisteluja esimerkiksi ilmastonmuutoksen hillitsemiseksi.<\/p>\n<p>Kasautuvien kriisien aikana ja muuttuneessa turvallisuusymp\u00e4rist\u00f6ss\u00e4 tarvitaan yhten\u00e4ist\u00e4 kansakuntaa. Kansamme vaikeissa vaiheissa on opittu, ett\u00e4 yhdess\u00e4 me selvi\u00e4mme, kaveria ei j\u00e4tet\u00e4 ja luottamus Jumalaan kantaa.<\/p>\n<p>Tuntemattoman tulevaisuuden edess\u00e4 Jumala ei meit\u00e4 j\u00e4t\u00e4, vaan p\u00e4invastoin rohkaisee: \u201dMinulla on omat suunnitelmani teit\u00e4 varten, sanoo Herra. Minun ajatukseni ovat rauhan eiv\u00e4tk\u00e4 tuhon ajatuksia: min\u00e4 annan teille tulevaisuuden ja toivon.\u201d (Jer. 29:11).<\/p>\n","protected":false},"excerpt":{"rendered":"<p>Tervehdyskirjoitus Sotilaspoika-lehteen 2-2023 \u201dParasta, mik\u00e4 miehess\u00e4 s\u00e4ilyy hautaan saakka, on h\u00e4ness\u00e4 asuva poika!\u201d N\u00e4in muistan opetusneuvos, rovasti Pentti Tapion usein toistaneen. H\u00e4n teki el\u00e4m\u00e4nty\u00f6ns\u00e4 poikien ja sotaveteraanien pappina ja siksi tiesi, mist\u00e4 puhui. Pentti Tapion lausahduksen taustalla voi n\u00e4hd\u00e4 Raamatun Sananlaskujen (22:6) neuvon: \u201dTotuta poikanen tiens\u00e4 suuntaan, niin h\u00e4n ei vanhanakaan siit\u00e4 poikkea.\u201d (KR38). Sama &#8230; <a title=\"Nuorena opittu kantaa l\u00e4pi el\u00e4m\u00e4n\" class=\"read-more\" href=\"https:\/\/seppohakkinen.fi\/wordpress\/index.php\/2023\/06\/22\/nuorena-opittu-kantaa-lapi-elaman\/\" aria-label=\"Lue lis\u00e4\u00e4 aiheesta Nuorena opittu kantaa l\u00e4pi el\u00e4m\u00e4n\">Lue lis\u00e4\u00e4<\/a><\/p>\n","protected":false},"author":1,"featured_media":0,"comment_status":"closed","ping_status":"open","sticky":false,"template":"","format":"standard","meta":{"footnotes":""},"categories":[4],"tags":[16],"class_list":["post-210","post","type-post","status-publish","format-standard","hentry","category-kirjoituksia","tag-16"],"_links":{"self":[{"href":"https:\/\/seppohakkinen.fi\/wordpress\/index.php\/wp-json\/wp\/v2\/posts\/210","targetHints":{"allow":["GET"]}}],"collection":[{"href":"https:\/\/seppohakkinen.fi\/wordpress\/index.php\/wp-json\/wp\/v2\/posts"}],"about":[{"href":"https:\/\/seppohakkinen.fi\/wordpress\/index.php\/wp-json\/wp\/v2\/types\/post"}],"author":[{"embeddable":true,"href":"https:\/\/seppohakkinen.fi\/wordpress\/index.php\/wp-json\/wp\/v2\/users\/1"}],"replies":[{"embeddable":true,"href":"https:\/\/seppohakkinen.fi\/wordpress\/index.php\/wp-json\/wp\/v2\/comments?post=210"}],"version-history":[{"count":6,"href":"https:\/\/seppohakkinen.fi\/wordpress\/index.php\/wp-json\/wp\/v2\/posts\/210\/revisions"}],"predecessor-version":[{"id":3882,"href":"https:\/\/seppohakkinen.fi\/wordpress\/index.php\/wp-json\/wp\/v2\/posts\/210\/revisions\/3882"}],"wp:attachment":[{"href":"https:\/\/seppohakkinen.fi\/wordpress\/index.php\/wp-json\/wp\/v2\/media?parent=210"}],"wp:term":[{"taxonomy":"category","embeddable":true,"href":"https:\/\/seppohakkinen.fi\/wordpress\/index.php\/wp-json\/wp\/v2\/categories?post=210"},{"taxonomy":"post_tag","embeddable":true,"href":"https:\/\/seppohakkinen.fi\/wordpress\/index.php\/wp-json\/wp\/v2\/tags?post=210"}],"curies":[{"name":"wp","href":"https:\/\/api.w.org\/{rel}","templated":true}]}}