{"id":213,"date":"2023-03-18T16:04:50","date_gmt":"2023-03-18T16:04:50","guid":{"rendered":"https:\/\/seppohakkinen.fi\/wordpress\/index.php\/2024\/01\/01\/pilkka-ja-kritiikki-ovat-eri-asioita\/"},"modified":"2024-01-21T17:59:19","modified_gmt":"2024-01-21T17:59:19","slug":"pilkka-ja-kritiikki-ovat-eri-asioita","status":"publish","type":"post","link":"https:\/\/seppohakkinen.fi\/wordpress\/index.php\/2023\/03\/18\/pilkka-ja-kritiikki-ovat-eri-asioita\/","title":{"rendered":"Pilkka ja kritiikki ovat eri asioita"},"content":{"rendered":"<p>2023-08-18 14:00:34<\/p>\n<p><strong>P\u00e4iv\u00e4n vieras -kirjoitus It\u00e4-H\u00e4me -lehdess\u00e4 18.8.2023<\/strong><\/p>\n<p>Kes\u00e4n trendin\u00e4 on Ruotsissa ja Tanskassa ollut Koraanien polttaminen. Uutisen mukaan \u201dTanskassa tapahtuu nyt useita Koraanin polttamisia p\u00e4ivitt\u00e4in, mik\u00e4 on viem\u00e4ss\u00e4 maan ennalta-arvaamattomiin ulkopoliittisiin vaikeuksiin\u201d (Yle 31.7.).<\/p>\n<p>Naapurimaamme Ruotsin turvallisuustilanne on heikentynyt viimeaikaisten Koraanin polttojen vuoksi, arvioi maan turvallisuuspoliisi S\u00e4po (Iltalehti 25.7.). Vastalauseena Koraanin polttamiselle aikomus oli polttaa my\u00f6s Toora ja Raamattu, mutta se ei toteutunut (Helsingin Sanomat 15.7.).<\/p>\n<p>Julkisessa keskustelussa pyhien kirjojen polttamista on k\u00e4sitelty l\u00e4hinn\u00e4 oikeudellisesta n\u00e4k\u00f6kulmasta. My\u00f6s sanan- ja ilmaisunvapaus ovat olleet esill\u00e4 ja ne on asetettu vastakkain uskonnonvapauden kanssa.<\/p>\n<p>Julkisuudessa on arvioitu maassamme voimassa olevaa uskonrauhan rikkomista koskevaa rikoslain pyk\u00e4l\u00e4\u00e4. Osa on n\u00e4hnyt sen vanhentuneeksi, osa puolestaan s\u00e4ilytt\u00e4misen arvoisena, koska sen vuoksi uskontojen pyhien kirjojen polttaminen ei ole mahdollista syyllistym\u00e4tt\u00e4 rikokseen.<\/p>\n<p>Muutama t\u00e4rke\u00e4 n\u00e4k\u00f6kulma on j\u00e4\u00e4nyt keskustelussa katveeseen.<\/p>\n<p>Ensinn\u00e4 pyhien kirjojen polttamisen motiivit n\u00e4ytt\u00e4v\u00e4t olevan hyvin moninaiset. Toisinaan ne kohdistuvat suoraan uskontoon, mutta useimmin taustalla on poliittisia tai muita ideologisia vaikuttimia. Uskontoa k\u00e4ytet\u00e4\u00e4n aseena.<\/p>\n<p>Joidenkin syyn\u00e4 on pyrkimys provosoida. Yhteiskuntaa halutaan j\u00e4rkytt\u00e4\u00e4 ja saada aikaan sekasortoa ja ep\u00e4luottamusta. Aina mukana on my\u00f6s niit\u00e4, joiden vaikuttimena on pelkk\u00e4 n\u00e4ytt\u00e4misen ja julkisuuden halu.<\/p>\n<p>Uskontokritiikin v\u00e4lineen\u00e4 pyhien kirjojen h\u00e4p\u00e4iseminen on alkeellista. Uskontoja saa arvostella ja ne suorastaan tarvitsevat kriittist\u00e4 arviointia. \u201dHedelmist\u00e4\u00e4n puu tunnetaan.\u201d Mutta polttamalla Koraanin tai heitt\u00e4m\u00e4ll\u00e4 Raamatun olan yli lattialle \u2013 kuten kirjailija Jari Tervo teki taannoin televisiossa \u2013 ei rakenneta aitoa kriittist\u00e4 keskustelua tai vuoropuhelua. Se on pilkkaa ja halveksuntaa.<\/p>\n<p>Toiseksi olemme maallistuneissa l\u00e4nsimaissa unohtaneet pyhien kirjojen symboliarvon. Se kertoo laajemminkin ymm\u00e4rryksen ohentuneen siit\u00e4, ett\u00e4 el\u00e4m\u00e4ss\u00e4 on pyhi\u00e4 asioita ja arvoja. Ne vaihtelevat eri uskonnoissa ja ihmisryhmiss\u00e4, mutta kaikilla on jotain pyh\u00e4\u00e4.<\/p>\n<p>Pyhyyden tajun katoamisella on vakavammat seuraukset kuin ymm\u00e4rr\u00e4mmek\u00e4\u00e4n. Se johtaa lopulta ihmisarvon heikkenemiseen, v\u00e4kivaltaan ja tuhoon. V\u00e4ist\u00e4m\u00e4tt\u00e4 mieleen nousevat kirjailija Heinrich Heinen sanat n\u00e4ytelm\u00e4st\u00e4 Almansor: \u201dMiss\u00e4 poltetaan kirjoja, poltetaan lopulta my\u00f6s ihmisi\u00e4.\u201d<\/p>\n<p>Kolmanneksi toisen uskonnon tai kansanryhm\u00e4n pyh\u00e4n h\u00e4p\u00e4iseminen on sivistym\u00e4t\u00f6nt\u00e4 ja vahingollista. Erilaisten vastakkainasettelujen aikana tarvitsemme kunnioittavaa keskustelua ja toisen pyh\u00e4n arvostamista.<\/p>\n<p>Kunnioittavassa keskustelussa erilaiset n\u00e4kemykset, vakaumukset ja ajattelutavat kohtaavat. Siin\u00e4\u00a0on kyse pohjimmiltaan ihmisten kohtaamisesta. Siksi kaikki kiteytyy kultaiseen s\u00e4\u00e4nt\u00f6\u00f6n: \u201dKaikki, mink\u00e4 tahdotte ihmisten tekev\u00e4n teille, tehk\u00e4\u00e4 te heille.\u201d<\/p>\n","protected":false},"excerpt":{"rendered":"<p>2023-08-18 14:00:34 P\u00e4iv\u00e4n vieras -kirjoitus It\u00e4-H\u00e4me -lehdess\u00e4 18.8.2023 Kes\u00e4n trendin\u00e4 on Ruotsissa ja Tanskassa ollut Koraanien polttaminen. Uutisen mukaan \u201dTanskassa tapahtuu nyt useita Koraanin polttamisia p\u00e4ivitt\u00e4in, mik\u00e4 on viem\u00e4ss\u00e4 maan ennalta-arvaamattomiin ulkopoliittisiin vaikeuksiin\u201d (Yle 31.7.). Naapurimaamme Ruotsin turvallisuustilanne on heikentynyt viimeaikaisten Koraanin polttojen vuoksi, arvioi maan turvallisuuspoliisi S\u00e4po (Iltalehti 25.7.). Vastalauseena Koraanin polttamiselle aikomus oli &#8230; <a title=\"Pilkka ja kritiikki ovat eri asioita\" class=\"read-more\" href=\"https:\/\/seppohakkinen.fi\/wordpress\/index.php\/2023\/03\/18\/pilkka-ja-kritiikki-ovat-eri-asioita\/\" aria-label=\"Lue lis\u00e4\u00e4 aiheesta Pilkka ja kritiikki ovat eri asioita\">Lue lis\u00e4\u00e4<\/a><\/p>\n","protected":false},"author":1,"featured_media":0,"comment_status":"closed","ping_status":"open","sticky":false,"template":"","format":"standard","meta":{"footnotes":""},"categories":[4],"tags":[16],"class_list":["post-213","post","type-post","status-publish","format-standard","hentry","category-kirjoituksia","tag-16"],"_links":{"self":[{"href":"https:\/\/seppohakkinen.fi\/wordpress\/index.php\/wp-json\/wp\/v2\/posts\/213","targetHints":{"allow":["GET"]}}],"collection":[{"href":"https:\/\/seppohakkinen.fi\/wordpress\/index.php\/wp-json\/wp\/v2\/posts"}],"about":[{"href":"https:\/\/seppohakkinen.fi\/wordpress\/index.php\/wp-json\/wp\/v2\/types\/post"}],"author":[{"embeddable":true,"href":"https:\/\/seppohakkinen.fi\/wordpress\/index.php\/wp-json\/wp\/v2\/users\/1"}],"replies":[{"embeddable":true,"href":"https:\/\/seppohakkinen.fi\/wordpress\/index.php\/wp-json\/wp\/v2\/comments?post=213"}],"version-history":[{"count":5,"href":"https:\/\/seppohakkinen.fi\/wordpress\/index.php\/wp-json\/wp\/v2\/posts\/213\/revisions"}],"predecessor-version":[{"id":3226,"href":"https:\/\/seppohakkinen.fi\/wordpress\/index.php\/wp-json\/wp\/v2\/posts\/213\/revisions\/3226"}],"wp:attachment":[{"href":"https:\/\/seppohakkinen.fi\/wordpress\/index.php\/wp-json\/wp\/v2\/media?parent=213"}],"wp:term":[{"taxonomy":"category","embeddable":true,"href":"https:\/\/seppohakkinen.fi\/wordpress\/index.php\/wp-json\/wp\/v2\/categories?post=213"},{"taxonomy":"post_tag","embeddable":true,"href":"https:\/\/seppohakkinen.fi\/wordpress\/index.php\/wp-json\/wp\/v2\/tags?post=213"}],"curies":[{"name":"wp","href":"https:\/\/api.w.org\/{rel}","templated":true}]}}