{"id":4037,"date":"2024-02-21T06:50:14","date_gmt":"2024-02-21T06:50:14","guid":{"rendered":"https:\/\/seppohakkinen.fi\/wordpress\/?p=4037"},"modified":"2024-03-11T16:13:09","modified_gmt":"2024-03-11T16:13:09","slug":"reppu-selassa-elaman-tielle","status":"publish","type":"post","link":"https:\/\/seppohakkinen.fi\/wordpress\/index.php\/2024\/02\/21\/reppu-selassa-elaman-tielle\/","title":{"rendered":"Reppu sel\u00e4ss\u00e4 el\u00e4m\u00e4n tielle"},"content":{"rendered":"\t\t<div data-elementor-type=\"wp-post\" data-elementor-id=\"4037\" class=\"elementor elementor-4037\">\n\t\t\t\t<div class=\"elementor-element elementor-element-5fee89e1 e-flex e-con-boxed e-con e-parent\" data-id=\"5fee89e1\" data-element_type=\"container\" data-e-type=\"container\">\n\t\t\t\t\t<div class=\"e-con-inner\">\n\t\t\t\t<div class=\"elementor-element elementor-element-10889e74 elementor-widget elementor-widget-text-editor\" data-id=\"10889e74\" data-element_type=\"widget\" data-e-type=\"widget\" data-widget_type=\"text-editor.default\">\n\t\t\t\t<div class=\"elementor-widget-container\">\n\t\t\t\t\t\t\t\t\t\n<p>Aamuhartaus keskiviikkona 21.2.2024 klo 6.50 Yle Radio 1<\/p><p>Seppo H\u00e4kkinen, piispa emeritus, Mikkeli<\/p>\n\n\n\n\n\n<p>Ensimm\u00e4inen koulureppuni oli tehty vihre\u00e4st\u00e4, vedenpit\u00e4v\u00e4st\u00e4 kankaasta. Siin\u00e4 oli nahkaiset kantohihnat ja l\u00e4p\u00e4ss\u00e4 solki sek\u00e4 paikka nimilapulle. Reppu oli minusta hieno. Monilla koulukavereillani oli samanlaiset.<\/p>\n\n\n\n<p>Syksyll\u00e4 1965 aloitin koulunk\u00e4ynnin Lauritsalan kauppalan keskuskansakoulun 1A-luokalla. Reppuun mahtuivat ev\u00e4\u00e4t ja tarpeelliset koulutarvikkeet. Se palveli vuosia, kunnes nuhjaantui ja k\u00e4vi pieneksi.<\/p>\n\n\n\n<p>My\u00f6hemmin olen oivaltanut, ett\u00e4 reppu on oikeastaan osuva kuva kasvusta. Lapsuudessa ihminen saa reppuunsa ev\u00e4\u00e4t el\u00e4m\u00e4ns\u00e4 matkalle. Lapsuusvuosilla on ratkaiseva vaikutus koko loppuel\u00e4m\u00e4lle. Jollakin lapsuuden repun ev\u00e4\u00e4t ovat niin runsaat ja hyv\u00e4t, ett\u00e4 niill\u00e4 jaksaa pitk\u00e4lle. Kunnollisilla ev\u00e4ill\u00e4 varustettu ihminen oppii my\u00f6s itse etsim\u00e4\u00e4n lis\u00e4ev\u00e4it\u00e4. N\u00e4in kodin ja vanhempien perint\u00f6 kantaa. Jonkun toisen ev\u00e4sreppu j\u00e4\u00e4 alusta alkaen k\u00f6yk\u00e4iseksi. El\u00e4m\u00e4n ev\u00e4\u00e4t ovat v\u00e4hiss\u00e4, lapsuusvuosia s\u00e4vytt\u00e4v\u00e4t perusluottamuksen puute, hyl\u00e4tyksi tuleminen ja tyydytt\u00e4m\u00e4tt\u00f6m\u00e4t tarpeet. Reppua joutuu t\u00e4ytt\u00e4m\u00e4\u00e4n omin avuin.<\/p>\n\n\n\n<p>Min\u00e4 olen kiitollinen niist\u00e4 el\u00e4m\u00e4n ev\u00e4ist\u00e4, joita olen lapsuudestani saanut. Synnyin kes\u00e4kuussa 1958 Kuopiossa. Muutimme Lauritsalaan vuonna 1961, kun olin kolmen vuoden ik\u00e4inen. Silloinen Lauritsalan kauppala on nykyisin osa Lappeenrantaa. \u00c4itini teki el\u00e4m\u00e4nty\u00f6ns\u00e4 kehitysvammaisten parissa. Is\u00e4ni oli diakoniaty\u00f6ntekij\u00e4. Lauritsalassa perheeseemme syntyiv\u00e4t veljeni Sakari ja Timo.<\/p>\n\n\n\n<p>Lapsuuteni oli kaikin puolin turvallinen ja hyv\u00e4 l\u00e4ht\u00f6kohta el\u00e4m\u00e4lleni. Sain paljon ev\u00e4it\u00e4 reppuuni koko el\u00e4m\u00e4\u00e4 varten. Kasvoin kristityss\u00e4 kodissa, jossa usko Jumalaan kuului arkeen ja juhlaan. Seurakunta oli kasvuymp\u00e4rist\u00f6ni. Asuimme ensin Lauritsalan v\u00e4liaikaisen kirkon yhteydess\u00e4 olevassa asunnossa. Vanhempieni makuuhuoneesta p\u00e4\u00e4si sakastiin ja seurakuntasalin keitti\u00f6\u00f6n. Olen siis kasvanut aivan konkreettisesti kirkossa. Viel\u00e4kin tunnistan mieless\u00e4ni kolehtihaavin hajun. Muistan sakastin kassakaapin lukon ymp\u00e4rill\u00e4 olevan r\u00f6pel\u00f6isen metallin; se tuntui samalta kuin is\u00e4n muutaman p\u00e4iv\u00e4n mittainen parrans\u00e4nki. El\u00e4v\u00e4n\u00e4 on muistissani ehtoollispikarien peseminen. Minun teht\u00e4v\u00e4ni oli kuivata niit\u00e4.<\/p>\n\n\n\n<p>Iltarukous liittyi jokap\u00e4iv\u00e4iseen hengelliseen el\u00e4m\u00e4\u00e4n. \u201dLevolle lasken, Luojani\u201d oli minun rukoukseni. Liitin siihen nimelt\u00e4 mainiten kaikki rakkaat ihmiset ja t\u00e4rke\u00e4t asiat. Rukouksesta onkin tullut s\u00e4\u00e4nn\u00f6llinen osa el\u00e4m\u00e4\u00e4ni.<\/p>\n\n\n\n<p>Iltarukous on turvallisuuden tuoja ja voimavara. Saan j\u00e4tt\u00e4\u00e4 itseni, l\u00e4heiseni, kaikki asiani minua suurempiin k\u00e4siin, Jumalan huomaan. Mieless\u00e4ni on Raamatun Sananlaskujen neuvo: \u201dOhjaa lapsi heti oikealle tielle, niin h\u00e4n vanhanakaan ei silt\u00e4 poikkea.\u201d (Sananlaskut 22:6). Kyse on el\u00e4m\u00e4n repun t\u00e4ytt\u00e4misest\u00e4 asioilla ja kokemuksilla, jotka auttavat el\u00e4m\u00e4n erilaisissa vaiheissa. Samalla on hyv\u00e4 muistaa, ettei koskaan ole liian my\u00f6h\u00e4ist\u00e4 opetella tai ryhty\u00e4 j\u00e4lleen rukoilemaan. Rukous on el\u00e4m\u00e4n ev\u00e4srepun t\u00e4ytt\u00e4mist\u00e4. Rohkaisen sinua t\u00e4n\u00e4\u00e4n rukoilemaan.<\/p>\n\n\n\n<p>Kristillinen kasvatus on vahvin tekij\u00e4 hengellisen el\u00e4m\u00e4ni muotoutumisessa. Kyse on perusturvallisuudesta, joka on v\u00e4littynyt vanhemmiltani ja isovanhemmiltani. Siihen liittyy usko Jumalaan. Se on parhaimpia ev\u00e4it\u00e4 el\u00e4m\u00e4n repussani.<\/p>\n\n\n\n<p>El\u00e4m\u00e4\u00e4 taaksep\u00e4in katsoessani huomaan suvun siunauksen kantaneen minua. Nyt vuosikymmenten j\u00e4lkeen osaan arvostaa niit\u00e4 hengellisi\u00e4 traditioita, jotka olen saanut is\u00e4ni H\u00e4kkisten ja \u00e4itini Virosten kautta. Perinteet ovat erilaisia, mutta juuri siksi arvokkaita. Ne ovat opettaneet ymm\u00e4rt\u00e4m\u00e4\u00e4n hengellisen el\u00e4m\u00e4n monimuotoisuutta. Jos olemme persoonina ja el\u00e4m\u00e4nhistorialtamme erilaisia, niin miksei sitten uskonel\u00e4m\u00e4mmekin saisi erilaisia ilmaisun tapoja ja painotuksia?<\/p>\n\n\n\n<p>Isovanhempani ja vanhempani ovat kaikki kuolleet, mutta tunnen yh\u00e4 esirukousten kantavan. Nyt olen itse pappa. Tajuan, kuinka t\u00e4rke\u00e4 teht\u00e4v\u00e4 minulla on siirt\u00e4\u00e4 isien usko ja \u00e4itien luottamus omille lapsenlapsilleni. Vastuullani on t\u00e4ytt\u00e4\u00e4 kasvavan sukupolven reppua kest\u00e4vill\u00e4 ev\u00e4ill\u00e4 t\u00e4t\u00e4 ja tulevaa el\u00e4m\u00e4\u00e4 varten.<\/p>\n\n\n\n<p>T\u00e4h\u00e4n teht\u00e4v\u00e4\u00e4n kutsun my\u00f6s sinua. Meid\u00e4n tulisi olla herkki\u00e4 ja tilaa antavia, mutta samalla rohkeita ja avoimia v\u00e4litt\u00e4m\u00e4\u00e4n evankeliumia sanoin ja teoin uusille sukupolville. Psalmin 78 sanoin: \u201dMe emme salaa niit\u00e4 lapsiltamme vaan kerromme tulevillekin polville Herran voimasta, Herran teoista, ihmeist\u00e4, joita h\u00e4n on tehnyt.\u201d (Ps. 78:4).<\/p>\n\n\n\n<p>Rukoilemme:<\/p>\n\n\n\n<p>Hyv\u00e4 Jumala. Kiitos isien ja \u00e4itien uskon perinn\u00f6st\u00e4. K\u00e4yt\u00e4 meit\u00e4 siunauksen v\u00e4likappaleina, niin ett\u00e4 my\u00f6s uudet sukupolvet l\u00f6yt\u00e4isiv\u00e4t turvan ja rauhan sinusta. Auta meit\u00e4 t\u00e4ytt\u00e4m\u00e4\u00e4n heid\u00e4n el\u00e4m\u00e4ns\u00e4 reppua kest\u00e4vill\u00e4 el\u00e4m\u00e4narvoilla. Siunaa ja varjele meit\u00e4 kaikkia. Aamen.<\/p>\n\n\n\n<p>Virsi 490 M\u00e4 silm\u00e4t luon yl\u00f6s taivaaseen, s\u00e4keist\u00f6t 1\u20133<\/p>\n\n\n\n<p>Oulaisten nuorisokuoro, Tiril\u00e4, Tapani (joht.), K\u00e4\u00e4ri\u00e4inen, Marja (piano) (CDY 1274), s\u00e4keist\u00f6jen 1\u20133 kesto 1:27<\/p>\n\t\t\t\t\t\t\t\t<\/div>\n\t\t\t\t<\/div>\n\t\t\t\t\t<\/div>\n\t\t\t\t<\/div>\n\t\t\t\t<\/div>\n\t\t","protected":false},"excerpt":{"rendered":"<p>Aamuhartaus keskiviikkona 21.2.2024 klo 6.50 Yle Radio 1 Seppo H\u00e4kkinen, piispa emeritus, Mikkeli Ensimm\u00e4inen koulureppuni oli tehty vihre\u00e4st\u00e4, vedenpit\u00e4v\u00e4st\u00e4 kankaasta. Siin\u00e4 oli nahkaiset kantohihnat ja l\u00e4p\u00e4ss\u00e4 solki sek\u00e4 paikka nimilapulle. Reppu oli minusta hieno. Monilla koulukavereillani oli samanlaiset. Syksyll\u00e4 1965 aloitin koulunk\u00e4ynnin Lauritsalan kauppalan keskuskansakoulun 1A-luokalla. Reppuun mahtuivat ev\u00e4\u00e4t ja tarpeelliset koulutarvikkeet. Se palveli vuosia, &#8230; <a title=\"Reppu sel\u00e4ss\u00e4 el\u00e4m\u00e4n tielle\" class=\"read-more\" href=\"https:\/\/seppohakkinen.fi\/wordpress\/index.php\/2024\/02\/21\/reppu-selassa-elaman-tielle\/\" aria-label=\"Lue lis\u00e4\u00e4 aiheesta Reppu sel\u00e4ss\u00e4 el\u00e4m\u00e4n tielle\">Lue lis\u00e4\u00e4<\/a><\/p>\n","protected":false},"author":1,"featured_media":0,"comment_status":"closed","ping_status":"open","sticky":false,"template":"","format":"standard","meta":{"footnotes":""},"categories":[35,5],"tags":[33],"class_list":["post-4037","post","type-post","status-publish","format-standard","hentry","category-hartaus","category-puheet-ja-saarnat","tag-33"],"_links":{"self":[{"href":"https:\/\/seppohakkinen.fi\/wordpress\/index.php\/wp-json\/wp\/v2\/posts\/4037","targetHints":{"allow":["GET"]}}],"collection":[{"href":"https:\/\/seppohakkinen.fi\/wordpress\/index.php\/wp-json\/wp\/v2\/posts"}],"about":[{"href":"https:\/\/seppohakkinen.fi\/wordpress\/index.php\/wp-json\/wp\/v2\/types\/post"}],"author":[{"embeddable":true,"href":"https:\/\/seppohakkinen.fi\/wordpress\/index.php\/wp-json\/wp\/v2\/users\/1"}],"replies":[{"embeddable":true,"href":"https:\/\/seppohakkinen.fi\/wordpress\/index.php\/wp-json\/wp\/v2\/comments?post=4037"}],"version-history":[{"count":7,"href":"https:\/\/seppohakkinen.fi\/wordpress\/index.php\/wp-json\/wp\/v2\/posts\/4037\/revisions"}],"predecessor-version":[{"id":4235,"href":"https:\/\/seppohakkinen.fi\/wordpress\/index.php\/wp-json\/wp\/v2\/posts\/4037\/revisions\/4235"}],"wp:attachment":[{"href":"https:\/\/seppohakkinen.fi\/wordpress\/index.php\/wp-json\/wp\/v2\/media?parent=4037"}],"wp:term":[{"taxonomy":"category","embeddable":true,"href":"https:\/\/seppohakkinen.fi\/wordpress\/index.php\/wp-json\/wp\/v2\/categories?post=4037"},{"taxonomy":"post_tag","embeddable":true,"href":"https:\/\/seppohakkinen.fi\/wordpress\/index.php\/wp-json\/wp\/v2\/tags?post=4037"}],"curies":[{"name":"wp","href":"https:\/\/api.w.org\/{rel}","templated":true}]}}