{"id":50,"date":"2016-01-27T16:04:38","date_gmt":"2016-01-27T16:04:38","guid":{"rendered":"https:\/\/seppohakkinen.fi\/wordpress\/index.php\/2024\/01\/01\/paimenia-ja-kalastajia\/"},"modified":"2024-02-27T10:29:25","modified_gmt":"2024-02-27T10:29:25","slug":"paimenia-ja-kalastajia","status":"publish","type":"post","link":"https:\/\/seppohakkinen.fi\/wordpress\/index.php\/2016\/01\/27\/paimenia-ja-kalastajia\/","title":{"rendered":"Paimenia ja kalastajia"},"content":{"rendered":"<p>Kotimaa -lehden kolumni 28.1.2016<\/p>\n<p>\u201dTied\u00e4mme kyll\u00e4, miten olla paimenia, mutta emme osaa olla kalastajia.\u201d Slovakian katolisen hiippakunnan edustaja is\u00e4 Martin Kramara kuvasi n\u00e4in kirkkonsa tilannetta.<\/p>\n<p>Is\u00e4 Martinin ajatus tuli mieleeni vuoden vaihteen v\u00e4est\u00f6tilastoja lukiessani. Suomen evankelis-luterilaisen kirkon j\u00e4senm\u00e4\u00e4r\u00e4 oli vuoden 2015 lopussa liki 4 miljoonaa henkil\u00f6\u00e4. Noin 73 prosenttia suomalaisista kuului kirkkoon. T\u00e4llaisesta \u201dmarkkinaosuudesta\u201d voi olla iloinen.<\/p>\n<p>Tilastoja voi lukea my\u00f6s toisin. Yli nelj\u00e4nnes suomalaisista ei kuulu mihink\u00e4\u00e4n uskonnolliseen yhdyskuntaan. Se tarkoittaa noin 1,2 miljoonaa ihmist\u00e4. T\u00e4h\u00e4n tosiasiaan emme ole kirkkona havahtuneet. Maassamme on n\u00e4in suuri m\u00e4\u00e4r\u00e4 potentiaalisia kirkon j\u00e4seni\u00e4!<\/p>\n<p>Havainto johtaa kysym\u00e4\u00e4n, onko kirkkomme identiteetti ja teht\u00e4v\u00e4n\u00e4ky kunnossa. Jeesus sanoi opetuslapsilleen: \u201dL\u00e4htek\u00e4\u00e4 minun mukaani. Min\u00e4 teen teist\u00e4 ihmisten kalastajia.\u201d (Mark. 1:17). Onko meillekin k\u00e4ynyt niin, ett\u00e4 \u201dtied\u00e4mme kyll\u00e4, miten olla paimenia, mutta emme osaa olla kalastajia\u201d? Py\u00f6rimme tutun lauman keskell\u00e4, mutta unohdamme muut ymp\u00e4rill\u00e4mme.<\/p>\n<p>Kirkkojen maailmanneuvoston tuore l\u00e4hetysasiakirja <em>Yhdess\u00e4 kohti el\u00e4m\u00e4\u00e4<\/em> muistuttaa, ett\u00e4 l\u00e4hetys on \u201daidon kristillisen el\u00e4m\u00e4n koetinkivi ja mitta. Kristityn el\u00e4m\u00e4 on juurtunut Kristuksen rakkauden syv\u00e4llek\u00e4yv\u00e4\u00e4n vaatimukseen kutsua muita siihen ylt\u00e4kyll\u00e4iseen el\u00e4m\u00e4\u00e4n, jonka Jeesus toi. Jumalan l\u00e4hetykseen osallistumisen tulisi n\u00e4in ollen olla ominaista kaikille kristityille ja kaikille kirkoille, ei ainoastaan joidenkin yksil\u00f6iden tai erityisten ryhmien teht\u00e4v\u00e4.\u201d (artikla 67).<\/p>\n<p>Puuttuuko meilt\u00e4 tietoa, taitoa ja rohkeutta olla ihmisten kalastajia? Olemmeko vaiti, kun olisi mahdollisuus kertoa Jeesuksesta tai kutsua ihmist\u00e4 kirkon yhteyteen? Miten oppisimme luontevasti ja reilusti, tyrkytt\u00e4m\u00e4tt\u00e4 ja syyllist\u00e4m\u00e4tt\u00e4 pit\u00e4m\u00e4\u00e4n esill\u00e4 evankeliumin sanomaa? Miten tarjoaisimme kirkon j\u00e4senyytt\u00e4 my\u00f6nteisell\u00e4 tavalla?<\/p>\n<p>J\u00e4senyyden s\u00e4ilymisen edest\u00e4 kannattaa ponnistella, kuten monin paikoin on tehtykin. Siihen tarvitaan paimenia. Mutta aktiivisessa j\u00e4senhankinnassa tarvitaan my\u00f6s kalastajia ja heid\u00e4t tulee varustaa teht\u00e4viins\u00e4 kunnollisella koulutuksella. Koulutusta kaipaavat sek\u00e4 seurakuntalaiset ett\u00e4 ty\u00f6ntekij\u00e4t.<\/p>\n<p>Kirkollisten j\u00e4rjest\u00f6jen lis\u00e4ksi my\u00f6s kirkon omat koulutusorganisaatiot saisivat tarttua t\u00e4h\u00e4n koulutushaasteeseen. T\u00e4ss\u00e4 on my\u00f6s vinkki neuvottelup\u00e4ivien ja ty\u00f6ntekij\u00e4tapaamisten ohjelmaan. L\u00e4hetysty\u00f6ntekij\u00f6iden ja kasvavien kirkkojen kokemukset voisivat auttaa omaa kirkkoamme. Nyt niit\u00e4 hy\u00f6dynnet\u00e4\u00e4n liian v\u00e4h\u00e4n.<\/p>\n<p>Kirkkomme l\u00e4hetyksen uusi peruslinjaus <em>Yhteinen todistus<\/em> sanoo: \u201dKirkon ja seurakunnan tulevaisuus on sidottu l\u00e4hetykseen.\u201d Paimenten lis\u00e4ksi tarvitaan kalastajia.<\/p>\n","protected":false},"excerpt":{"rendered":"<p>Kotimaa -lehden kolumni 28.1.2016 \u201dTied\u00e4mme kyll\u00e4, miten olla paimenia, mutta emme osaa olla kalastajia.\u201d Slovakian katolisen hiippakunnan edustaja is\u00e4 Martin Kramara kuvasi n\u00e4in kirkkonsa tilannetta. Is\u00e4 Martinin ajatus tuli mieleeni vuoden vaihteen v\u00e4est\u00f6tilastoja lukiessani. Suomen evankelis-luterilaisen kirkon j\u00e4senm\u00e4\u00e4r\u00e4 oli vuoden 2015 lopussa liki 4 miljoonaa henkil\u00f6\u00e4. Noin 73 prosenttia suomalaisista kuului kirkkoon. T\u00e4llaisesta \u201dmarkkinaosuudesta\u201d voi &#8230; <a title=\"Paimenia ja kalastajia\" class=\"read-more\" href=\"https:\/\/seppohakkinen.fi\/wordpress\/index.php\/2016\/01\/27\/paimenia-ja-kalastajia\/\" aria-label=\"Lue lis\u00e4\u00e4 aiheesta Paimenia ja kalastajia\">Lue lis\u00e4\u00e4<\/a><\/p>\n","protected":false},"author":1,"featured_media":0,"comment_status":"closed","ping_status":"open","sticky":false,"template":"","format":"standard","meta":{"footnotes":""},"categories":[4],"tags":[24],"class_list":["post-50","post","type-post","status-publish","format-standard","hentry","category-kirjoituksia","tag-24"],"_links":{"self":[{"href":"https:\/\/seppohakkinen.fi\/wordpress\/index.php\/wp-json\/wp\/v2\/posts\/50","targetHints":{"allow":["GET"]}}],"collection":[{"href":"https:\/\/seppohakkinen.fi\/wordpress\/index.php\/wp-json\/wp\/v2\/posts"}],"about":[{"href":"https:\/\/seppohakkinen.fi\/wordpress\/index.php\/wp-json\/wp\/v2\/types\/post"}],"author":[{"embeddable":true,"href":"https:\/\/seppohakkinen.fi\/wordpress\/index.php\/wp-json\/wp\/v2\/users\/1"}],"replies":[{"embeddable":true,"href":"https:\/\/seppohakkinen.fi\/wordpress\/index.php\/wp-json\/wp\/v2\/comments?post=50"}],"version-history":[{"count":4,"href":"https:\/\/seppohakkinen.fi\/wordpress\/index.php\/wp-json\/wp\/v2\/posts\/50\/revisions"}],"predecessor-version":[{"id":4053,"href":"https:\/\/seppohakkinen.fi\/wordpress\/index.php\/wp-json\/wp\/v2\/posts\/50\/revisions\/4053"}],"wp:attachment":[{"href":"https:\/\/seppohakkinen.fi\/wordpress\/index.php\/wp-json\/wp\/v2\/media?parent=50"}],"wp:term":[{"taxonomy":"category","embeddable":true,"href":"https:\/\/seppohakkinen.fi\/wordpress\/index.php\/wp-json\/wp\/v2\/categories?post=50"},{"taxonomy":"post_tag","embeddable":true,"href":"https:\/\/seppohakkinen.fi\/wordpress\/index.php\/wp-json\/wp\/v2\/tags?post=50"}],"curies":[{"name":"wp","href":"https:\/\/api.w.org\/{rel}","templated":true}]}}