{"id":512,"date":"2016-02-04T16:03:00","date_gmt":"2016-02-04T16:03:00","guid":{"rendered":"https:\/\/seppohakkinen.fi\/wordpress\/index.php\/2024\/01\/01\/saarna-kuopion-ja-mikkelin-hiippakuntien-kanttoripaivien-viikkomessussa-4-2-2016-mikkelin-tuomiokirkossa\/"},"modified":"2024-03-06T16:25:44","modified_gmt":"2024-03-06T16:25:44","slug":"saarna-kuopion-ja-mikkelin-hiippakuntien-kanttoripaivien-viikkomessussa-4-2-2016-mikkelin-tuomiokirkossa","status":"publish","type":"post","link":"https:\/\/seppohakkinen.fi\/wordpress\/index.php\/2016\/02\/04\/saarna-kuopion-ja-mikkelin-hiippakuntien-kanttoripaivien-viikkomessussa-4-2-2016-mikkelin-tuomiokirkossa\/","title":{"rendered":"Saarna Kuopion ja Mikkelin hiippakuntien kanttorip\u00e4ivien viikkomessussa 4.2.2016 Mikkelin tuomiokirkossa"},"content":{"rendered":"<p><em>Etsik\u00e4\u00e4 Herraa, kun h\u00e4net viel\u00e4 voi l\u00f6yt\u00e4\u00e4, huutakaa h\u00e4nt\u00e4 avuksi, kun h\u00e4n on l\u00e4hell\u00e4! Hyl\u00e4tk\u00f6\u00f6n jumalaton tiens\u00e4 ja v\u00e4\u00e4rintekij\u00e4 juonensa, k\u00e4\u00e4ntyk\u00f6\u00f6n takaisin Herran luo, sill\u00e4 h\u00e4n armahtaa, turvautukoon Jumalaan, sill\u00e4 h\u00e4nen anteeksiantonsa on runsas. \u2013 Minun ajatukseni eiv\u00e4t ole teid\u00e4n ajatuksianne eiv\u00e4tk\u00e4 teid\u00e4n tienne ole minun teit\u00e4ni, sanoo Herra. Sill\u00e4 niin korkealla kuin taivas kaartuu maan yll\u00e4, niin korkealla ovat minun tieni teid\u00e4n teittenne yl\u00e4puolella ja minun ajatukseni teid\u00e4n ajatustenne yl\u00e4puolella. Niin kuin sade ja lumi tulevat taivaasta eiv\u00e4tk\u00e4 sinne palaa vaan kastelevat maan, joka hedelm\u00f6ityy ja versoo ja antaa kylv\u00e4j\u00e4lle siemenen ja n\u00e4lk\u00e4iselle leiv\u00e4n, niin k\u00e4y my\u00f6s sanan, joka minun suustani l\u00e4htee: se ei tyhj\u00e4n\u00e4 palaa vaan t\u00e4ytt\u00e4\u00e4 teht\u00e4v\u00e4n, jonka min\u00e4 sille annan, ja saa menestym\u00e4\u00e4n kaiken, mit\u00e4 varten sen l\u00e4het\u00e4n.<\/em> (Jes. 55:6\u201311).<\/p>\n<p>Pappi ja kanttori kinastelivat siit\u00e4, kumman ty\u00f6 on t\u00e4rke\u00e4mp\u00e4\u00e4. Pappi h\u00e4visi kiistan. Kanttori nimitt\u00e4in viittasi Ilmestyskirjaan, jonka mukaan viel\u00e4 taivaassakin lauletaan, mutta saarnaamisesta siell\u00e4 ei puhuta mit\u00e4\u00e4n. Vanha tarina kertoo siit\u00e4 todellisuudesta, joka valitettavasti kirkon ty\u00f6paikoilla ajoittain tulee esille. Kilpaillaan siit\u00e4, kenen ty\u00f6 on arvokkainta. Rakennetaan arvoj\u00e4rjestyksi\u00e4 ja arvioidaan toisten tekemisi\u00e4. Rajataan reviirej\u00e4 ja varjellaan omaa tonttia. Samalla unohtuu yhteinen kutsumus ja yhteinen teht\u00e4v\u00e4 kirkossa.<\/p>\n<p>T\u00e4m\u00e4n viikon Vanhan testamentin teksti rohkaisee meit\u00e4 kirkon ty\u00f6ntekij\u00f6it\u00e4. Teht\u00e4v\u00e4mme on kylv\u00e4\u00e4 Jumalan sanaa. T\u00e4ss\u00e4 ty\u00f6ss\u00e4 tarvitaan erilaisia ja eri alojen ty\u00f6ntekij\u00f6it\u00e4 ja monenlaisia v\u00e4lineit\u00e4. Kanttori osallistuu Jumalan sanan julistamiseen musiikin keinoin. Lauletussa Jumalan sanassa h\u00e4n tuo Kristuksen kuulijoiden luo ja kantaa virsiss\u00e4 seurakunnan rukoukset Jumalan eteen. Jumalan sana yhtyy musiikin kieleen, my\u00f6s silloin, kun musiikki ei sis\u00e4ll\u00e4 sanoja.<\/p>\n<p>Kirkkomuusikko on siis muiden seurakunnan ty\u00f6ntekij\u00f6iden tavoin sanan kylv\u00e4j\u00e4. Martti Luther ilmaisi t\u00e4m\u00e4n hienolla tavalla esipuheessaan Valentin Babstin virsikirjaan vuodelta 1545: \u201dJumala on tehnyt syd\u00e4memme ja mielemme iloiseksi rakkaan Poikansa kautta, jonka h\u00e4n on antanut meille vapahdukseksi synnin, kuoleman ja paholaisen vallasta. Joka sen vakavasti uskoo, h\u00e4nen on sis\u00e4inen pakko siit\u00e4 iloisesti ja halullisesti laulaa ja puhella, jotta my\u00f6s toiset sen kuulevat.\u201d Puhuessaan p\u00e4\u00e4si\u00e4isen ihmeest\u00e4 Luther kysyy: \u201dKuka ei t\u00e4st\u00e4 laulaisi? Kuka ei riemuitsisi Kristuksen kanssa? Siksi t\u00e4ytyy Kristuksen yl\u00f6snousemisen voimaa kuuluttaa psalmein ja soinnukkain lauluin eik\u00e4 vain kuivin sanoin ja taitamattomalla kielell\u00e4.\u201d<\/p>\n<p>Olemme siis kaikki Jumalan sanan kylv\u00e4ji\u00e4. Vastuullamme on kylv\u00e4\u00e4 Jumalan sanaa niill\u00e4 lahjoilla ja v\u00e4lineill\u00e4, joita meill\u00e4 on. Kasvun antaa Jumala. Kylv\u00e4j\u00e4 ei itse sit\u00e4 v\u00e4ltt\u00e4m\u00e4tt\u00e4 edes n\u00e4e. Joskus kaipaisimme ja tarvitsisimme tuloksia kylv\u00f6ty\u00f6st\u00e4mme. Se auttaisi jaksamaan ja motivoitumaan. Toisaalta voi olla hyv\u00e4, ett\u00e4 kasvu j\u00e4\u00e4 meilt\u00e4 salaan, jotta emme kuvittelisi taidon ja viisauden olevan meiss\u00e4 itsess\u00e4mme. Meille riitt\u00e4k\u00f6\u00f6n Jumala lupaus, ettei h\u00e4nen sanansa palaa tyhj\u00e4n\u00e4, vaan t\u00e4ytt\u00e4\u00e4 sille annetun teht\u00e4v\u00e4n. T\u00e4m\u00e4 on erityisen t\u00e4rke\u00e4 lupaus aikana, jolloin kirkon ty\u00f6t\u00e4 kritisoidaan ja asetetaan kyseenalaiseksi. Jumala on kutsunut meid\u00e4t ty\u00f6h\u00f6ns\u00e4. T\u00e4rkeint\u00e4 on olla uskollinen kutsujalle ja h\u00e4nen antamalleen teht\u00e4v\u00e4lle kylv\u00e4\u00e4 Jumalan sanaa sek\u00e4 hoitaa oma teht\u00e4v\u00e4mme mahdollisimman hyvin. Jumala pit\u00e4\u00e4 lopusta huolen.<\/p>\n<p>Hyv\u00e4 ty\u00f6toveri kirkon ty\u00f6ss\u00e4. Kun seuraavan kerran soitat messussa, laulat virtt\u00e4 hautajaisissa, johdat kuoroa, pid\u00e4t rippikoulutuntia tai olet mukana sairaalahartaudessa, muista t\u00e4m\u00e4 Jumalan lupaus: \u201d<em>niin k\u00e4y my\u00f6s sanan, joka minun suustani l\u00e4htee: se ei tyhj\u00e4n\u00e4 palaa vaan t\u00e4ytt\u00e4\u00e4 teht\u00e4v\u00e4n, jonka min\u00e4 sille annan, ja saa menestym\u00e4\u00e4n kaiken, mit\u00e4 varten sen l\u00e4het\u00e4n.\u201d<\/em><\/p>\n","protected":false},"excerpt":{"rendered":"<p>Etsik\u00e4\u00e4 Herraa, kun h\u00e4net viel\u00e4 voi l\u00f6yt\u00e4\u00e4, huutakaa h\u00e4nt\u00e4 avuksi, kun h\u00e4n on l\u00e4hell\u00e4! Hyl\u00e4tk\u00f6\u00f6n jumalaton tiens\u00e4 ja v\u00e4\u00e4rintekij\u00e4 juonensa, k\u00e4\u00e4ntyk\u00f6\u00f6n takaisin Herran luo, sill\u00e4 h\u00e4n armahtaa, turvautukoon Jumalaan, sill\u00e4 h\u00e4nen anteeksiantonsa on runsas. \u2013 Minun ajatukseni eiv\u00e4t ole teid\u00e4n ajatuksianne eiv\u00e4tk\u00e4 teid\u00e4n tienne ole minun teit\u00e4ni, sanoo Herra. Sill\u00e4 niin korkealla kuin taivas kaartuu &#8230; <a title=\"Saarna Kuopion ja Mikkelin hiippakuntien kanttorip\u00e4ivien viikkomessussa 4.2.2016 Mikkelin tuomiokirkossa\" class=\"read-more\" href=\"https:\/\/seppohakkinen.fi\/wordpress\/index.php\/2016\/02\/04\/saarna-kuopion-ja-mikkelin-hiippakuntien-kanttoripaivien-viikkomessussa-4-2-2016-mikkelin-tuomiokirkossa\/\" aria-label=\"Lue lis\u00e4\u00e4 aiheesta Saarna Kuopion ja Mikkelin hiippakuntien kanttorip\u00e4ivien viikkomessussa 4.2.2016 Mikkelin tuomiokirkossa\">Lue lis\u00e4\u00e4<\/a><\/p>\n","protected":false},"author":1,"featured_media":0,"comment_status":"closed","ping_status":"open","sticky":false,"template":"","format":"standard","meta":{"footnotes":""},"categories":[9],"tags":[24],"class_list":["post-512","post","type-post","status-publish","format-standard","hentry","category-saarnat","tag-24"],"_links":{"self":[{"href":"https:\/\/seppohakkinen.fi\/wordpress\/index.php\/wp-json\/wp\/v2\/posts\/512","targetHints":{"allow":["GET"]}}],"collection":[{"href":"https:\/\/seppohakkinen.fi\/wordpress\/index.php\/wp-json\/wp\/v2\/posts"}],"about":[{"href":"https:\/\/seppohakkinen.fi\/wordpress\/index.php\/wp-json\/wp\/v2\/types\/post"}],"author":[{"embeddable":true,"href":"https:\/\/seppohakkinen.fi\/wordpress\/index.php\/wp-json\/wp\/v2\/users\/1"}],"replies":[{"embeddable":true,"href":"https:\/\/seppohakkinen.fi\/wordpress\/index.php\/wp-json\/wp\/v2\/comments?post=512"}],"version-history":[{"count":4,"href":"https:\/\/seppohakkinen.fi\/wordpress\/index.php\/wp-json\/wp\/v2\/posts\/512\/revisions"}],"predecessor-version":[{"id":4505,"href":"https:\/\/seppohakkinen.fi\/wordpress\/index.php\/wp-json\/wp\/v2\/posts\/512\/revisions\/4505"}],"wp:attachment":[{"href":"https:\/\/seppohakkinen.fi\/wordpress\/index.php\/wp-json\/wp\/v2\/media?parent=512"}],"wp:term":[{"taxonomy":"category","embeddable":true,"href":"https:\/\/seppohakkinen.fi\/wordpress\/index.php\/wp-json\/wp\/v2\/categories?post=512"},{"taxonomy":"post_tag","embeddable":true,"href":"https:\/\/seppohakkinen.fi\/wordpress\/index.php\/wp-json\/wp\/v2\/tags?post=512"}],"curies":[{"name":"wp","href":"https:\/\/api.w.org\/{rel}","templated":true}]}}