{"id":694,"date":"2021-01-24T16:03:00","date_gmt":"2021-01-24T16:03:00","guid":{"rendered":"https:\/\/seppohakkinen.fi\/wordpress\/index.php\/2024\/01\/01\/saarna-pappisvihkimysmessussa-24-1-2021-mikkelin-tuomiokirkossa\/"},"modified":"2024-03-03T12:49:18","modified_gmt":"2024-03-03T12:49:18","slug":"saarna-pappisvihkimysmessussa-24-1-2021-mikkelin-tuomiokirkossa","status":"publish","type":"post","link":"https:\/\/seppohakkinen.fi\/wordpress\/index.php\/2021\/01\/24\/saarna-pappisvihkimysmessussa-24-1-2021-mikkelin-tuomiokirkossa\/","title":{"rendered":"Saarna pappisvihkimysmessussa 24.1.2021 Mikkelin tuomiokirkossa"},"content":{"rendered":"<p>Saarna pappisvihkimysmessussa 24.1.2021<\/p>\n<p><em>Synagogasta he meniv\u00e4t suoraan Simonin ja Andreaksen kotiin. Jaakob ja Johannes olivat mukana. Simonin anoppi makasi kuumeessa, ja h\u00e4nest\u00e4 kerrottiin heti Jeesukselle. Jeesus meni h\u00e4nen luokseen, otti h\u00e4nt\u00e4 k\u00e4dest\u00e4 ja auttoi h\u00e4net jalkeille. Kuume l\u00e4hti naisesta, ja h\u00e4n alkoi palvella vieraitaan.<br \/>\nIllalla, auringonlaskun j\u00e4lkeen Jeesuksen luo tuotiin kaikki sairaat ja pahojen henkien vaivaamat. Koko kaupunki oli ker\u00e4\u00e4ntynyt oven edustalle. H\u00e4n paransi useita erilaisten tautien vaivaamia ja ajoi ulos monia pahoja henki\u00e4. H\u00e4n ei antanut henkien puhua, koska ne tunsivat h\u00e4net.<br \/>\nVarhain aamulla, kun viel\u00e4 oli pime\u00e4, Jeesus nousi ja l\u00e4hti ulos. H\u00e4n meni paikkaan, jossa h\u00e4n sai olla yksin, ja rukoili siell\u00e4. Simon ja h\u00e4nen toverinsa riensiv\u00e4t etsim\u00e4\u00e4n Jeesusta ja l\u00f6ysiv\u00e4t h\u00e4net. He sanoivat h\u00e4nelle: \u201dKaikki etsiv\u00e4t sinua.\u201d Mutta Jeesus sanoi: \u201dMe l\u00e4hdemme nyt t\u00e4\u00e4lt\u00e4 ja menemme naapurikyliin. Minun on saarnattava siell\u00e4kin, sit\u00e4 vartenhan min\u00e4 t\u00e4\u00e4ll\u00e4 olen.\u201d Niin h\u00e4n l\u00e4hti ja kiersi kaikkialla Galileassa, saarnasi synagogissa ja karkotti pahoja henki\u00e4. <\/em>(Mark. 1:29\u201339).<\/p>\n<p>Markuksen evankeliumin katkelma kuvaa Jeesuksen julkisen toiminnan alkuvaiheita. Samalla se on kuvaus laajemminkin Jeesuksen tavasta toimia. Se kertoo my\u00f6s siit\u00e4, mist\u00e4 h\u00e4n ammensi voimaa ty\u00f6h\u00f6ns\u00e4.<\/p>\n<p>Jeesus tuli Kapernaumiin ensimm\u00e4isten oppilaittensa kanssa. H\u00e4n k\u00e4vi tapansa mukaan synagogajumalanpalveluksessa ja palasi sielt\u00e4 Pietarin kotiin. Siell\u00e4 Jeesus paransi Pietarin anopin ja nautti yhteisen aterian. Lain mukaisesti ihmiset olivat viett\u00e4neet sapatin hiljaisuudessa ja levossa. Sapatti p\u00e4\u00e4ttyi auringon laskuun. Sen j\u00e4lkeen ihmiset l\u00e4htiv\u00e4t liikkeelle ja kantoivat kaikki sairaansa ja riivaajien vaivaamat Jeesuksen luokse. Jeesus paransi sairaita ja pahojen henkien vaivaamia. Varhain seuraavana aamuna Jeesus vet\u00e4ytyi yksin\u00e4iseen paikkaan rukoilemaan ja l\u00e4hti sen j\u00e4lkeen jatkamaan julistusty\u00f6t\u00e4\u00e4n muihin kaupunkeihin ja kyliin.<\/p>\n<p>T\u00e4n\u00e4\u00e4n t\u00e4ss\u00e4 jumalanpalveluksessa vihit\u00e4\u00e4n pappisvirkaan seitsem\u00e4n teologian maisteria. Teille, Esa-Pekka, Timo, Johannes, Jussi, Minna, Sari ja Elsa, Jeesuksen toiminta on esikuvana papin ty\u00f6st\u00e4. Se kertoo my\u00f6s kirkon teht\u00e4v\u00e4st\u00e4, jota pappi toteuttaa.<\/p>\n<p>Ensinn\u00e4 on huomattava, mist\u00e4 evankeliumi alkaa. <em>\u201dSynagogasta he meniv\u00e4t suoraan Simonin ja Andreaksen kotiin.\u201d <\/em>S\u00e4\u00e4nn\u00f6llinen jumalanpalvelusyhteys oli Jeesukselle keskeinen voimanl\u00e4hde. Samanlainen yht\u00e4 t\u00e4rke\u00e4 hengellisen el\u00e4m\u00e4n ravinto oli rukous. \u201d<em>Varhain aamulla, kun viel\u00e4 oli pime\u00e4, Jeesus nousi ja l\u00e4hti ulos. H\u00e4n meni paikkaan, jossa h\u00e4n sai olla yksin, ja rukoili siell\u00e4.\u201d<\/em><\/p>\n<p>Jeesuksen esimerkki s\u00e4\u00e4nn\u00f6llisest\u00e4 jumalanpalvelukseen osallistumisesta ja rukouksesta on tarpeellinen jokaiselle kristitylle. Jos Jeesus tarvitsi n\u00e4in uskonel\u00e4m\u00e4n hoitamista, emmek\u00f6 me tarvitse sit\u00e4 viel\u00e4 enemm\u00e4n? Ilman seurakuntayhteytt\u00e4 ja rukousel\u00e4m\u00e4\u00e4 usko v\u00e4hitellen n\u00e4ivettyy ja kuihtuu.<\/p>\n<p>Te t\u00e4n\u00e4\u00e4n papiksi vihitt\u00e4v\u00e4t, noudattakaa Jeesuksen esimerkki\u00e4 el\u00e4m\u00e4ss\u00e4nne. Sill\u00e4 aivan erityisen t\u00e4rke\u00e4 oman hengellisen el\u00e4m\u00e4n hoitaminen on papille. Se kuuluu h\u00e4nen ammattitaitoonsa ja viranhoitoonsa. Siihen kuuluu jumalanpalvelusyhteys, rukousel\u00e4m\u00e4, Raamatun lukeminen. Yksi edelt\u00e4jist\u00e4ni, piispa Osmo Alaja on sanonut: \u201dOlen aina ymm\u00e4rt\u00e4nyt, ettei pappi puhuttele seurakuntaansa vain saarnatuolista ja alttarilta, vaan my\u00f6s alhaalta kirkonpenkist\u00e4.\u201d (Osmo Alaja: Kaitsijana kaakonkulmalla. 1988. Sivu 7).<\/p>\n<p>Toiseksi on huomattava, ett\u00e4 rukous on paitsi oman hengellisen el\u00e4m\u00e4n voimanl\u00e4hde, my\u00f6s teht\u00e4v\u00e4. Ennen kuin Jeesus l\u00e4hti uusille alueille saarnaamaan, h\u00e4n vietti aikaa Is\u00e4n kanssa. Mik\u00e4\u00e4n hengellinen ty\u00f6 ei voi menesty\u00e4 Jumalan tahtomalla tavalla ilman rukousyhteytt\u00e4 h\u00e4nen kanssaan. Malttamaton mielemme houkuttelee monesti meit\u00e4 tekem\u00e4\u00e4n jotain \u201dtehokasta\u201d rukouksen sijasta. Kuitenkin kirkon yksi olennainen p\u00e4\u00e4teht\u00e4v\u00e4 on rukoilla! Rukous on keskeinen osa papin viranhoitoa.<\/p>\n<p>Viisi vuotta sitten (vuonna 2016) vierailin Laatokan Valamossa. Is\u00e4nt\u00e4n\u00e4mme toiminut munkkidiakoni Varfolomi kertoi, ett\u00e4 \u201dteht\u00e4v\u00e4mme on rukoilla kaikkien ihmisten puolesta\u201d. Yksinkertainen ja selke\u00e4 teht\u00e4v\u00e4nkuvaus j\u00e4i askarruttamaan minua, toisesta maasta ja kirkosta tulevaa piispaa.<\/p>\n<p>\u201dTeht\u00e4v\u00e4mme on rukoilla kaikkien ihmisten puolesta\u201d. Rukouksessa on kirkon ty\u00f6n ydin ja kirkon uudistuksen perusta. Muistakaa kristittyjen vanha viisaus: \u201dPuhu ensin ihmisest\u00e4 Jumalalle ja vasta sitten ihmiselle Jumalasta!\u201d<\/p>\n<p>Rukouksessa ihminen avautuu Pyh\u00e4n Hengen johdatettavaksi. Silloin h\u00e4n huomaa, ettei h\u00e4nen oma el\u00e4m\u00e4ns\u00e4 ja uskonsa ole h\u00e4nen omien voimiensa ja viisautensa varassa. Rukouksessa kirkon ty\u00f6ntekij\u00e4 ymm\u00e4rt\u00e4\u00e4, ettei kirkon el\u00e4m\u00e4 ja tulevaisuus ole h\u00e4nen varassaan, vaan Jumalan k\u00e4siss\u00e4.<\/p>\n<p>Kolmanneksi huomio kiinnittyy rukouksen lis\u00e4ksi Jeesuksen teht\u00e4v\u00e4\u00e4n saarnata. \u201d<em>Mutta Jeesus sanoi: \u2019Me l\u00e4hdemme nyt t\u00e4\u00e4lt\u00e4 ja menemme naapurikyliin. Minun on saarnattava siell\u00e4kin, sit\u00e4 vartenhan min\u00e4 t\u00e4\u00e4ll\u00e4 olen.\u2019\u201d<\/em><\/p>\n<p>Jeesuksen teht\u00e4v\u00e4 oli saarnata. Viime aikoina saarnaaminen, julistus ja opetus ei ole ollut kirkossamme muodissa. Yh\u00e4 useammin olen kuullut sanottavan, ett\u00e4 kirkko ja papit puhuvat liikaa. Sanat eiv\u00e4t kosketa, ne tukahduttavat pyhyyden kokemuksen. Liiat sanat ovat johtaneet saarnan inflaatioon. Monen kokemus on, ett\u00e4 Jumala on kohdattavissa hiljaisuudessa, ei sanoissa tai valmiissa opetuksessa.<\/p>\n<p>Kokemus liiasta puheesta ja sanoista on kuultava ja otettava todesta. Puhetulvan keskell\u00e4 hiljaisuus on johtanut monet kuulemaan Jumalan puhetta paremmin kuin huonosti valmistelluista saarnoista tai sis\u00e4ll\u00f6lt\u00e4\u00e4n ohuista hartauksista. Kritiikki saarnoja ja sanoja kohtaan ei saa johtaa hylk\u00e4\u00e4m\u00e4\u00e4n saarnaa, vaan keskittym\u00e4\u00e4n siihen entist\u00e4 syvemmin ja rikkaammin. T\u00e4ss\u00e4kin on kyse papin ammatillisuudesta ja ammattitaidosta sek\u00e4 hengellisest\u00e4 kypsyydest\u00e4.<\/p>\n<p>Julistus, opetus ja saarnaaminen on keskeinen osa kirkon teht\u00e4v\u00e4\u00e4. T\u00e4st\u00e4 Jeesuksen esimerkki muistuttaa. Jumala oli l\u00e4hett\u00e4nyt h\u00e4net nimenomaan saarnaamaan ja opettamaan: <em>\u201dSit\u00e4 vartenhan min\u00e4 t\u00e4\u00e4ll\u00e4 olen.\u201d<\/em> N\u00e4in my\u00f6s pappi voi sanoa. H\u00e4net on kutsuttu saarnaamaan ja opettamaan.<\/p>\n<p>Saarna perustuu Jeesuksen k\u00e4skyyn: \u201dMenk\u00e4\u00e4 kaikkeen maailmaan ja saarnatkaa evankeliumia kaikille luoduille.\u201d (Mark. 16:15, KR 1938). Pappi ei voi eik\u00e4 saa puhua omiaan, vaan h\u00e4n toimii Jeesuksen \u00e4\u00e4nitorvena. Evankeliumin saarna ei ole puhetta Jeesuksesta, vaan itse Jeesus, ei sanoma pelastuksesta, vaan pelastus itse. Hyv\u00e4 uutinen, sanoma Kristuksesta ei ole vain viesti, vaan siihen sis\u00e4ltyy el\u00e4m\u00e4\u00e4 muuttava ja ihmist\u00e4 vapauttava voima. Jeesus on rakastanut jokaista syntist\u00e4 niin paljon, ett\u00e4 on kuollut meid\u00e4n puolestamme sovittaen syntimme. H\u00e4ness\u00e4 meill\u00e4 on syntien anteeksiantamus ja iankaikkinen el\u00e4m\u00e4.<\/p>\n<p>Martti Luther opettaa Isossa katekismuksessa: \u201dVaikka se teko, joka on hankkinut meille syntien anteeksiantamuksen, on tehty jo ristill\u00e4, se ei voi saavuttaa meit\u00e4 muutoin kuin sanan v\u00e4lityksell\u00e4. Mist\u00e4 muualta me olisimme voineet saada tiedon tuosta tapahtumasta ja siit\u00e4, ett\u00e4 se on lahja, joka kuuluu meille, ellei sit\u00e4 olisi meille saarnattu, suullisesti julistettu?\u201d<\/p>\n<p>Jeesusta ei l\u00e4hetetty ensi sijassa tekem\u00e4\u00e4n ajallisia ihmeit\u00e4 vaan pelastamaan ihmisi\u00e4 iankaikkiseen el\u00e4m\u00e4\u00e4n. Se tapahtuu julistetun evankeliumin sanan kautta. T\u00e4n\u00e4kin p\u00e4iv\u00e4n\u00e4 saamme julistaa sellaista evankeliumia, jolla on voima vied\u00e4 ihmiset taivaan kirkkauteen asti. T\u00e4m\u00e4 on kirkon ja papin t\u00e4rkein teht\u00e4v\u00e4: julistaa ja saarnata pelastavaa evankeliumia. Kyse ei ole pohjimmiltaan ihmisen puheesta vaan Jumalan sanoista. \u201dPyh\u00e4 Henki kutsuu meit\u00e4 ja synnytt\u00e4\u00e4 meiss\u00e4 uskon ja uuden el\u00e4m\u00e4n\u201d, kuten Katekismuksessa sanotaan (kolmas uskonkohta).<\/p>\n<p>Hyv\u00e4t Esa-Pekka, Timo, Johannes, Jussi, Minna, Sari ja Elsa. Teid\u00e4t vihit\u00e4\u00e4n t\u00e4n\u00e4\u00e4n pappisvirkaan. Pappeina teht\u00e4v\u00e4\u00e4nne kuuluu el\u00e4\u00e4 ja toimia Kristuksen todistajana. T\u00e4m\u00e4n pyh\u00e4p\u00e4iv\u00e4n evankeliumi muistuttaa, ett\u00e4 papin keskeisin\u00e4 teht\u00e4vin\u00e4 ovat rukous ja saarna.<\/p>\n<p>Dogmatiikan professori Osmo Tiilil\u00e4 kirjoitti aikanaan: \u201dKirkko ei ole ensi sijassa etsiv\u00e4, vaan julistava kirkko. Kirkolla on sanomansa, joka on jo valmis. Kirkko ei etsi evankeliumia, vaan se julistaa evankeliumia. Mik\u00e4li kirkko etsii, se etsii yh\u00e4 syvemp\u00e4\u00e4 t\u00e4m\u00e4n evankeliumin tuntemusta sek\u00e4 kullekin ajalle soveltuvia teit\u00e4 t\u00e4m\u00e4n evankeliumin viemiseksi eteenp\u00e4in kansoille.\u201d<\/p>\n<p>Teht\u00e4v\u00e4nne on vaativa erityisesti nykyaikana, joka vieroksuu niin uskoa Jumalaan kuin kirkkoa yhteis\u00f6n\u00e4. Juuri siksi nyt tarvitaan pappeja, jotka muistavat kirkon perusteht\u00e4v\u00e4n, jotka n\u00e4kyv\u00e4t seurakuntansa keskell\u00e4, palvelevat sit\u00e4 armonv\u00e4lineill\u00e4 sek\u00e4 todistavat Jumalasta sanoin ja teoin. Muistakaa apostoli Paavalin sanat: \u201dMin\u00e4 en h\u00e4pe\u00e4 evankeliumia, sill\u00e4 se on Jumalan voima ja se tuo pelastuksen kaikille, jotka sen uskovat\u201d (Room. 1:16).<\/p>\n<p>Pappisvirkaa ei onneksi hoideta oman voiman ja viisauden varassa. Kirkko kutsuu teid\u00e4t ja Jumala itse l\u00e4hett\u00e4\u00e4 teid\u00e4t teht\u00e4v\u00e4\u00e4nne. Saatte siksi rohkein ja turvallisin mielin t\u00e4n\u00e4\u00e4n tulla alttarin \u00e4\u00e4reen. Siell\u00e4 Kristus itse varustaa teid\u00e4t niill\u00e4 lahjoilla, joita h\u00e4n tiet\u00e4\u00e4 teid\u00e4n tarvitsevan. H\u00e4n itse lupaa olla kanssanne viranhoitonne kaikissa tilanteissa ja vaiheissa, kaikkina p\u00e4ivin\u00e4 maailman loppuun asti.<\/p>\n","protected":false},"excerpt":{"rendered":"<p>Saarna pappisvihkimysmessussa 24.1.2021 Synagogasta he meniv\u00e4t suoraan Simonin ja Andreaksen kotiin. Jaakob ja Johannes olivat mukana. Simonin anoppi makasi kuumeessa, ja h\u00e4nest\u00e4 kerrottiin heti Jeesukselle. Jeesus meni h\u00e4nen luokseen, otti h\u00e4nt\u00e4 k\u00e4dest\u00e4 ja auttoi h\u00e4net jalkeille. Kuume l\u00e4hti naisesta, ja h\u00e4n alkoi palvella vieraitaan. Illalla, auringonlaskun j\u00e4lkeen Jeesuksen luo tuotiin kaikki sairaat ja pahojen henkien &#8230; <a title=\"Saarna pappisvihkimysmessussa 24.1.2021 Mikkelin tuomiokirkossa\" class=\"read-more\" href=\"https:\/\/seppohakkinen.fi\/wordpress\/index.php\/2021\/01\/24\/saarna-pappisvihkimysmessussa-24-1-2021-mikkelin-tuomiokirkossa\/\" aria-label=\"Lue lis\u00e4\u00e4 aiheesta Saarna pappisvihkimysmessussa 24.1.2021 Mikkelin tuomiokirkossa\">Lue lis\u00e4\u00e4<\/a><\/p>\n","protected":false},"author":1,"featured_media":0,"comment_status":"closed","ping_status":"open","sticky":false,"template":"","format":"standard","meta":{"footnotes":""},"categories":[9],"tags":[19],"class_list":["post-694","post","type-post","status-publish","format-standard","hentry","category-saarnat","tag-19"],"_links":{"self":[{"href":"https:\/\/seppohakkinen.fi\/wordpress\/index.php\/wp-json\/wp\/v2\/posts\/694","targetHints":{"allow":["GET"]}}],"collection":[{"href":"https:\/\/seppohakkinen.fi\/wordpress\/index.php\/wp-json\/wp\/v2\/posts"}],"about":[{"href":"https:\/\/seppohakkinen.fi\/wordpress\/index.php\/wp-json\/wp\/v2\/types\/post"}],"author":[{"embeddable":true,"href":"https:\/\/seppohakkinen.fi\/wordpress\/index.php\/wp-json\/wp\/v2\/users\/1"}],"replies":[{"embeddable":true,"href":"https:\/\/seppohakkinen.fi\/wordpress\/index.php\/wp-json\/wp\/v2\/comments?post=694"}],"version-history":[{"count":4,"href":"https:\/\/seppohakkinen.fi\/wordpress\/index.php\/wp-json\/wp\/v2\/posts\/694\/revisions"}],"predecessor-version":[{"id":4379,"href":"https:\/\/seppohakkinen.fi\/wordpress\/index.php\/wp-json\/wp\/v2\/posts\/694\/revisions\/4379"}],"wp:attachment":[{"href":"https:\/\/seppohakkinen.fi\/wordpress\/index.php\/wp-json\/wp\/v2\/media?parent=694"}],"wp:term":[{"taxonomy":"category","embeddable":true,"href":"https:\/\/seppohakkinen.fi\/wordpress\/index.php\/wp-json\/wp\/v2\/categories?post=694"},{"taxonomy":"post_tag","embeddable":true,"href":"https:\/\/seppohakkinen.fi\/wordpress\/index.php\/wp-json\/wp\/v2\/tags?post=694"}],"curies":[{"name":"wp","href":"https:\/\/api.w.org\/{rel}","templated":true}]}}