{"id":712,"date":"2021-08-12T16:03:00","date_gmt":"2021-08-12T16:03:00","guid":{"rendered":"https:\/\/seppohakkinen.fi\/wordpress\/index.php\/2024\/01\/01\/saarna-piispantarkastuksen-viikkomessussa\/"},"modified":"2024-03-03T12:51:43","modified_gmt":"2024-03-03T12:51:43","slug":"saarna-piispantarkastuksen-viikkomessussa","status":"publish","type":"post","link":"https:\/\/seppohakkinen.fi\/wordpress\/index.php\/2021\/08\/12\/saarna-piispantarkastuksen-viikkomessussa\/","title":{"rendered":"Saarna piispantarkastuksen viikkomessussa"},"content":{"rendered":"<p>Heinolan pit\u00e4j\u00e4nkirkossa 12.8.2021<\/p>\n<p><em>Kun Jeesus tuli l\u00e4hemm\u00e4ksi ja n\u00e4ki kaupungin, h\u00e4n puhkesi itkuun sen t\u00e4hden ja sanoi: \u201dKunpa sin\u00e4kin t\u00e4n\u00e4 p\u00e4iv\u00e4n\u00e4 ymm\u00e4rt\u00e4isit, miss\u00e4 turvasi on! <\/em><em>Mutta nyt se on sinun silmilt\u00e4si k\u00e4tketty. Viel\u00e4 tulet n\u00e4kem\u00e4\u00e4n ajan, jolloin viholliset rakentavat ymp\u00e4rillesi vallin, saartavat sinut ja k\u00e4yv\u00e4t kimppuusi joka puolelta. He murskaavat maan tasalle sinut ja sinun asukkaasi. Sinuun ei j\u00e4tet\u00e4 kive\u00e4 kiven p\u00e4\u00e4lle, koska et tajunnut etsikkoaikaasi.\u201d<br \/>\nJeesus meni temppeliin ja alkoi ajaa ulos niit\u00e4, jotka siell\u00e4 k\u00e4viv\u00e4t kauppaa. H\u00e4n sanoi heille: \u201dOn kirjoitettu: \u2019Minun huoneeni on oleva rukouksen huone.\u2019 Mutta te olette tehneet siit\u00e4 rosvojen luolan.\u201d<br \/>\nH\u00e4n opetti sitten joka p\u00e4iv\u00e4 temppeliss\u00e4. Ylipapit, lainopettajat ja muut kansan johtomiehet miettiv\u00e4t, miten raivaisivat h\u00e4net pois tielt\u00e4. He eiv\u00e4t kuitenkaan keksineet, mit\u00e4 tehd\u00e4, sill\u00e4 koko kansa oli jatkuvasti Jeesuksen ymp\u00e4rill\u00e4 kuuntelemassa h\u00e4nt\u00e4. <\/em>(Luuk. 19:41\u201348).<\/p>\n<p>Elokuun lopulla 34 vuotta sitten, tarkasti sanoen 23.8.1987, nousin ensimm\u00e4ist\u00e4 kertaa el\u00e4m\u00e4ss\u00e4ni Heinolan maaseurakunnan kirkon saarnatuoliin, t\u00e4lle samalle paikalle kuin nyt. Tilanne j\u00e4nnitti, sill\u00e4 kyse oli vaalisaarnastani. Olin hakenut seurakunnasta kappalaisen virkaa. Tuolloin my\u00f6s kappalaisen vaalissa oli vaalin\u00e4ytteet, ja valinnan tekiv\u00e4t seurakuntalaiset suoralla kansanvaalilla.<\/p>\n<p>Marraskuun alusta 1987 sitten aloitin kappalaisena ja toimin siin\u00e4 virassa yli 14 vuoden ajan. T\u00e4m\u00e4 kirkko ja saarnatuoli tulivat tutuiksi ja rakkaiksi.<\/p>\n<p>Tuolloin 34 vuotta sitten vaalisaarnani osui kirkkovuodessa samaan ajankohtaan, jota nyt viet\u00e4mme. Saarnatekstin\u00e4 oli juuri kuulemamme katkelma Luukkaan evankeliumin 19. luvusta. Etsin vanhan saarnani. Kyselin siin\u00e4 evankeliumitekstin pohjalta, mit\u00e4 Heinolan rauhaan kuuluu. Mit\u00e4 kuuluu seurakuntaan? T\u00e4t\u00e4 samaa voi kysy\u00e4 t\u00e4n\u00e4 iltana.<\/p>\n<p>\u201d<em>Kun Jeesus tuli l\u00e4hemm\u00e4ksi ja n\u00e4ki kaupungin, h\u00e4n puhkesi itkuun sen t\u00e4hden ja sanoi: \u201dKunpa sin\u00e4kin t\u00e4n\u00e4 p\u00e4iv\u00e4n\u00e4 ymm\u00e4rt\u00e4isit, miss\u00e4 turvasi on!\u201d<\/em> Jeesus itki Jerusalemin kaupungin ja sen asukkaiden t\u00e4hden. Yleens\u00e4 pyhiinvaeltajat alkoivat laulaa ylistyslauluja, kun pyh\u00e4 kaupunki tuli n\u00e4kyviin. Jeesus alkoi sen sijaan itke\u00e4 n\u00e4hdess\u00e4\u00e4n Jerusalemin. H\u00e4n tiesi, ett\u00e4 kerran viel\u00e4 kaupunki kukistetaan maan tasalle ja kaikki sen asukkaat surmataan. Kaikki tapahtuu, \u201d<em>koska et tajunnut etsikkoaikaasi.\u201d<\/em><\/p>\n<p>Jerusalemilaiset saivat aikanaan kuulla Jeesuksen kutsun. Vapahtaja k\u00e4vi kaupungissa monta kertaa. He eiv\u00e4t ottaneet h\u00e4nt\u00e4 vastaan vaan j\u00e4iv\u00e4t ep\u00e4uskoonsa. Etsikkoaika meni ohi. Roomalaisen sotap\u00e4\u00e4llikk\u00f6 Titus tuli joukkoineen vuonna 70 ja h\u00e4vitti kaupungin. H\u00e4n rakennutti kivisen vallin Jerusalemin ymp\u00e4rille. Kaupunki piiritettiin ja lopulta n\u00e4lk\u00e4 nujersi puolustajat. Kaupunki ja sen asukkaat tuhottiin. Temppelist\u00e4 ei j\u00e4\u00e4nyt kive\u00e4 kiven p\u00e4\u00e4lle. H\u00e4vitys t\u00e4ydellistyi vuosien 132\u2013135 kapinan yhteydess\u00e4. Keisari Hadrianus k\u00e4ski kynt\u00e4\u00e4 koko temppelivuoren tasaiseksi. Mahtavan Jerusalemin temppelin paikalle rakennettiin pakanallinen temppeli. Jeesuksen sanat t\u00e4yttyiv\u00e4t kirjaimellisesti.<\/p>\n<p>Jerusalemin tuhon syys oli pohjimmiltaan hengellinen. Jeesus ei kelvannut kansan Vapahtajaksi. Juuri v\u00e4h\u00e4\u00e4 ennen Jeesuksen itkua kansa oli huutanut: \u201dHoosianna Daavidin Pojalle\u201d. Muutaman p\u00e4iv\u00e4n kuluttua sama kansanjoukko huusi: \u201dRistiinnaulitse!\u201d Jeesus ei kelvannut turvaksi ja pelastajaksi. Etsikkoaika meni ohi. Parannusta ja k\u00e4\u00e4ntymist\u00e4 Jumalan puoleen ei tullut, sen sijaan tuli paatumus. Sen \u00e4\u00e4rimm\u00e4isen\u00e4 merkkin\u00e4 kansa vaati Jumalan Poikaa ristille.<\/p>\n<p>Luen vanhasta saarnastani: \u201dPahin vaara, joka meit\u00e4 kirkkona ja kansana voi kohdata, eiv\u00e4t ole taloudelliset, yhteiskunnalliset tai valtiolliset vastoink\u00e4ymiset. Pahinta ei Heinolan seudulla ole ty\u00f6tt\u00f6myys, katovuosi tai jokin suuronnettomuus. Pahinta on kansa luopumus Jumalasta. Pahinta on v\u00e4linpit\u00e4m\u00e4tt\u00f6myys Jumalaa ja h\u00e4nen k\u00e4skyj\u00e4\u00e4n ja evankeliumiaan kohtaan. \u2019Jospa tiet\u00e4isit sin\u00e4kin t\u00e4n\u00e4 p\u00e4iv\u00e4n\u00e4, mik\u00e4 rauhaasi sopii!\u2019 Raamatunk\u00e4\u00e4nn\u00f6skomitea on suomentanut sanat n\u00e4in: <em>\u2019Kunpa sin\u00e4kin t\u00e4n\u00e4 p\u00e4iv\u00e4n\u00e4 ymm\u00e4rt\u00e4isit, miss\u00e4 turvasi on!\u2019<\/em> N\u00e4m\u00e4 sanat ovat tarkoitettu meille. Ne on tarkoitettu pys\u00e4ytt\u00e4m\u00e4\u00e4n ja her\u00e4tt\u00e4m\u00e4\u00e4n meid\u00e4t. Jeesus tiet\u00e4\u00e4, mit\u00e4 kansamme ja kirkkomme el\u00e4m\u00e4\u00e4n kuuluu. H\u00e4n tiet\u00e4\u00e4 seurakuntiemme tilan, my\u00f6s t\u00e4m\u00e4n seurakunnan. H\u00e4n tiet\u00e4\u00e4, mill\u00e4 tolalla uskomme on. Itkeek\u00f6 Jeesus t\u00e4n\u00e4\u00e4n meid\u00e4n takiamme, koska emme ole tunteneet etsikkoaikaamme? K\u00e4yk\u00f6 meille samoin kuin Jerusalemille ja sen asukkaille? Kaupunki oli Jeesukselle rakas, siksi h\u00e4n itki. Jokainen meist\u00e4 on h\u00e4nelle niin rakas, ett\u00e4 se on maksanut H\u00e4nen henkens\u00e4. Joutuuko H\u00e4n itkem\u00e4\u00e4n meid\u00e4n t\u00e4htemme? Jeesuksen sanat ovat vakavia: <em>\u2019Kunpa sin\u00e4kin t\u00e4n\u00e4 p\u00e4iv\u00e4n\u00e4 ymm\u00e4rt\u00e4isit, miss\u00e4 turvasi on!\u2019<\/em>\u201d<\/p>\n<p>N\u00e4in saarnasin 34 vuotta sitten. Rakkaat seurakuntalaiset, Jumala on meit\u00e4 kohtaan armollinen. Viel\u00e4 ei ole liian my\u00f6h\u00e4ist\u00e4 n\u00f6yrty\u00e4 parannukseen. Nyt on etsikkoaika, nyt on pelastuksen p\u00e4iv\u00e4. T\u00e4n\u00e4\u00e4n Kristus kutsuu meit\u00e4 yksityisin\u00e4 ihmisin\u00e4, seurakuntana ja koko kirkkona parannukseen, katumaan syntej\u00e4mme ja turvautumaan h\u00e4neen. H\u00e4ness\u00e4 meill\u00e4 on turva!<\/p>\n<p>Kutsu parannukseen asettaa meid\u00e4t kaikki samalle l\u00e4ht\u00f6viivalle. Siin\u00e4 ei erotella piispaa tai pappia maallikosta, syntist\u00e4 hurskaasta, tosikristitty\u00e4 nimikristityst\u00e4. Jokaiselle meist\u00e4 ainut mahdollisuus on Jumalan armo. Vain Jumalan k\u00e4sitt\u00e4m\u00e4t\u00f6n armo. Se riitt\u00e4\u00e4. T\u00e4m\u00e4 armo on t\u00e4n\u00e4\u00e4n tarjolla syntej\u00e4\u00e4n katuvalle.<\/p>\n","protected":false},"excerpt":{"rendered":"<p>Heinolan pit\u00e4j\u00e4nkirkossa 12.8.2021 Kun Jeesus tuli l\u00e4hemm\u00e4ksi ja n\u00e4ki kaupungin, h\u00e4n puhkesi itkuun sen t\u00e4hden ja sanoi: \u201dKunpa sin\u00e4kin t\u00e4n\u00e4 p\u00e4iv\u00e4n\u00e4 ymm\u00e4rt\u00e4isit, miss\u00e4 turvasi on! Mutta nyt se on sinun silmilt\u00e4si k\u00e4tketty. Viel\u00e4 tulet n\u00e4kem\u00e4\u00e4n ajan, jolloin viholliset rakentavat ymp\u00e4rillesi vallin, saartavat sinut ja k\u00e4yv\u00e4t kimppuusi joka puolelta. He murskaavat maan tasalle sinut ja sinun &#8230; <a title=\"Saarna piispantarkastuksen viikkomessussa\" class=\"read-more\" href=\"https:\/\/seppohakkinen.fi\/wordpress\/index.php\/2021\/08\/12\/saarna-piispantarkastuksen-viikkomessussa\/\" aria-label=\"Lue lis\u00e4\u00e4 aiheesta Saarna piispantarkastuksen viikkomessussa\">Lue lis\u00e4\u00e4<\/a><\/p>\n","protected":false},"author":1,"featured_media":0,"comment_status":"closed","ping_status":"open","sticky":false,"template":"","format":"standard","meta":{"footnotes":""},"categories":[9],"tags":[19],"class_list":["post-712","post","type-post","status-publish","format-standard","hentry","category-saarnat","tag-19"],"_links":{"self":[{"href":"https:\/\/seppohakkinen.fi\/wordpress\/index.php\/wp-json\/wp\/v2\/posts\/712","targetHints":{"allow":["GET"]}}],"collection":[{"href":"https:\/\/seppohakkinen.fi\/wordpress\/index.php\/wp-json\/wp\/v2\/posts"}],"about":[{"href":"https:\/\/seppohakkinen.fi\/wordpress\/index.php\/wp-json\/wp\/v2\/types\/post"}],"author":[{"embeddable":true,"href":"https:\/\/seppohakkinen.fi\/wordpress\/index.php\/wp-json\/wp\/v2\/users\/1"}],"replies":[{"embeddable":true,"href":"https:\/\/seppohakkinen.fi\/wordpress\/index.php\/wp-json\/wp\/v2\/comments?post=712"}],"version-history":[{"count":4,"href":"https:\/\/seppohakkinen.fi\/wordpress\/index.php\/wp-json\/wp\/v2\/posts\/712\/revisions"}],"predecessor-version":[{"id":4381,"href":"https:\/\/seppohakkinen.fi\/wordpress\/index.php\/wp-json\/wp\/v2\/posts\/712\/revisions\/4381"}],"wp:attachment":[{"href":"https:\/\/seppohakkinen.fi\/wordpress\/index.php\/wp-json\/wp\/v2\/media?parent=712"}],"wp:term":[{"taxonomy":"category","embeddable":true,"href":"https:\/\/seppohakkinen.fi\/wordpress\/index.php\/wp-json\/wp\/v2\/categories?post=712"},{"taxonomy":"post_tag","embeddable":true,"href":"https:\/\/seppohakkinen.fi\/wordpress\/index.php\/wp-json\/wp\/v2\/tags?post=712"}],"curies":[{"name":"wp","href":"https:\/\/api.w.org\/{rel}","templated":true}]}}