{"id":73,"date":"2016-06-22T16:04:40","date_gmt":"2016-06-22T16:04:40","guid":{"rendered":"https:\/\/seppohakkinen.fi\/wordpress\/index.php\/2024\/01\/01\/kadonnut-voimanlahde\/"},"modified":"2024-02-10T15:31:46","modified_gmt":"2024-02-10T15:31:46","slug":"kadonnut-voimanlahde","status":"publish","type":"post","link":"https:\/\/seppohakkinen.fi\/wordpress\/index.php\/2016\/06\/22\/kadonnut-voimanlahde\/","title":{"rendered":"Kadonnut voimanl\u00e4hde"},"content":{"rendered":"<p>Kolumni It\u00e4-H\u00e4me -lehdess\u00e4 22.6.2016<\/p>\n<p>\u201dTeht\u00e4v\u00e4mme on rukoilla kaikkien ihmisten puolesta\u201d, kertoi munkkidiakoni Varfolomi vieraillessani Laatokan Valamossa. Yksinkertainen ja selke\u00e4 teht\u00e4v\u00e4nkuvaus j\u00e4i askarruttamaan minua, toisesta maasta ja kirkosta tulevaa piispaa.<\/p>\n<p>Valamossa ja monissa muissa luostareissa eri puolilla maailmaa rukoillaan jatkuvasti kaikkien ihmisten puolesta. Se on luostarin asukkaiden el\u00e4m\u00e4nteht\u00e4v\u00e4. S\u00e4\u00e4nn\u00f6llinen rukousel\u00e4m\u00e4 rytmitt\u00e4\u00e4 p\u00e4iv\u00e4\u00e4, viikkoa ja vuodenkiertoa.<\/p>\n<p>Minua rohkaisee tieto rukoilevista kristityist\u00e4 kaikkialla maailmassa. Jatkuva ja kaikkialta nouseva rukous ymp\u00e4r\u00f6i meit\u00e4. Raskaiden taakkojen kantaja saattaa tiet\u00e4\u00e4, ett\u00e4 h\u00e4nt\u00e4 muistetaan rukouksessa. Toinen ei vaikeuksiensa keskell\u00e4 edes tied\u00e4, ett\u00e4 juuri h\u00e4nen puolestaan joku rukoilee. Rukous on salaista, mutta se ei j\u00e4\u00e4 vaille vaikutusta. Viime p\u00e4ivin\u00e4 luostareissakin on varmasti muistettu S\u00e4\u00e4m\u00e4j\u00e4rven veneonnettomuuden uhreja ja heid\u00e4n l\u00e4heisi\u00e4\u00e4n.<\/p>\n<p>Emmek\u00f6 voisi muistaa toisiamme ja kaikkia ihmisi\u00e4 rukouksissamme entist\u00e4 useammin? Se voisi muuttaa meit\u00e4 ja suhtautumistamme toisiin ihmisiin enemm\u00e4n kuin arvaammekaan.<\/p>\n<p>* * *<\/p>\n<p>Tutkijat ovat todenneet, ett\u00e4 pirstoutuneen l\u00e4ntisen maailman yhteisen identiteetin syntymiseen keskiajalla vaikutti eniten luostariliike. H\u00e4mm\u00e4stytt\u00e4v\u00e4 vaikutus liikkeell\u00e4, jolle on ominaista maailmasta pois k\u00e4\u00e4ntyminen. Mutta onko se kuitenkaan pohjimmiltaan h\u00e4mm\u00e4stytt\u00e4v\u00e4\u00e4?<\/p>\n<p>Luostarikulttuuri on kiistaton esimerkki siit\u00e4, ett\u00e4 Jumalaan p\u00e4in k\u00e4\u00e4ntyminen merkitsee k\u00e4\u00e4ntymist\u00e4 todellisuuteen p\u00e4in, ei siit\u00e4 pois. Se johtaa el\u00e4m\u00e4n peruskysymysten \u00e4\u00e4relle. El\u00e4m\u00e4 pelkistyy ja olennaisin nousee esille.<\/p>\n<p>Suorituskeskeisen el\u00e4m\u00e4ntavan sek\u00e4 yh\u00e4 lis\u00e4\u00e4ntyvien ty\u00f6- ja yksityisel\u00e4m\u00e4n vaatimusten, tehokkuuden ja el\u00e4m\u00e4n pirstaloitumisen keskell\u00e4 pys\u00e4htyminen ja hiljentyminen ovat tarpeen, jotta jaksamme. Kristillisess\u00e4 perinteess\u00e4 on koeteltu vastaus kiireen ja stressin taltuttamiseen: p\u00e4ivitt\u00e4inen hiljentyminen ja henkil\u00f6kohtainen hartaus.<\/p>\n<p>Vaikka vain harva voi vet\u00e4yty\u00e4 luostariin, voimme oppia luostariel\u00e4m\u00e4st\u00e4 rytmin ja j\u00e4rjestyksen. S\u00e4\u00e4nn\u00f6llinen rukous ja hiljentyminen on voimanl\u00e4hde, joka olisi syyt\u00e4 l\u00f6yt\u00e4\u00e4 uudelleen.<\/p>\n<p>* * *<\/p>\n<p>Juhannus on Johannes Kastajan syntym\u00e4p\u00e4iv\u00e4. Kirkkovuodessa sit\u00e4 on vietetty 400-luvulta l\u00e4htien. Johannes oli Jeesuksen edell\u00e4k\u00e4vij\u00e4. H\u00e4n sanoi teht\u00e4v\u00e4st\u00e4\u00e4n:\u00a0\u201dH\u00e4nen (Jeesuksen) on tultava suuremmaksi, minun pienemm\u00e4ksi\u201d.<\/p>\n<p>Juhannuksen p\u00e4\u00e4henkil\u00f6n esimerkki ohjaa meit\u00e4 k\u00e4\u00e4ntym\u00e4\u00e4n Jumalaan p\u00e4in. Silloin my\u00f6s el\u00e4m\u00e4n perusasiat l\u00f6yt\u00e4v\u00e4t oikean paikkansa. Voimme oivaltaa, ett\u00e4 emme ole omine tarpeinemme kaiken keskus. Silloin l\u00f6yd\u00e4mme tilaa l\u00e4himm\u00e4iselle ja yhteiselle hyv\u00e4lle.<\/p>\n","protected":false},"excerpt":{"rendered":"<p>Kolumni It\u00e4-H\u00e4me -lehdess\u00e4 22.6.2016 \u201dTeht\u00e4v\u00e4mme on rukoilla kaikkien ihmisten puolesta\u201d, kertoi munkkidiakoni Varfolomi vieraillessani Laatokan Valamossa. Yksinkertainen ja selke\u00e4 teht\u00e4v\u00e4nkuvaus j\u00e4i askarruttamaan minua, toisesta maasta ja kirkosta tulevaa piispaa. Valamossa ja monissa muissa luostareissa eri puolilla maailmaa rukoillaan jatkuvasti kaikkien ihmisten puolesta. Se on luostarin asukkaiden el\u00e4m\u00e4nteht\u00e4v\u00e4. S\u00e4\u00e4nn\u00f6llinen rukousel\u00e4m\u00e4 rytmitt\u00e4\u00e4 p\u00e4iv\u00e4\u00e4, viikkoa ja vuodenkiertoa. Minua &#8230; <a title=\"Kadonnut voimanl\u00e4hde\" class=\"read-more\" href=\"https:\/\/seppohakkinen.fi\/wordpress\/index.php\/2016\/06\/22\/kadonnut-voimanlahde\/\" aria-label=\"Lue lis\u00e4\u00e4 aiheesta Kadonnut voimanl\u00e4hde\">Lue lis\u00e4\u00e4<\/a><\/p>\n","protected":false},"author":1,"featured_media":0,"comment_status":"closed","ping_status":"open","sticky":false,"template":"","format":"standard","meta":{"footnotes":""},"categories":[4],"tags":[24],"class_list":["post-73","post","type-post","status-publish","format-standard","hentry","category-kirjoituksia","tag-24"],"_links":{"self":[{"href":"https:\/\/seppohakkinen.fi\/wordpress\/index.php\/wp-json\/wp\/v2\/posts\/73","targetHints":{"allow":["GET"]}}],"collection":[{"href":"https:\/\/seppohakkinen.fi\/wordpress\/index.php\/wp-json\/wp\/v2\/posts"}],"about":[{"href":"https:\/\/seppohakkinen.fi\/wordpress\/index.php\/wp-json\/wp\/v2\/types\/post"}],"author":[{"embeddable":true,"href":"https:\/\/seppohakkinen.fi\/wordpress\/index.php\/wp-json\/wp\/v2\/users\/1"}],"replies":[{"embeddable":true,"href":"https:\/\/seppohakkinen.fi\/wordpress\/index.php\/wp-json\/wp\/v2\/comments?post=73"}],"version-history":[{"count":4,"href":"https:\/\/seppohakkinen.fi\/wordpress\/index.php\/wp-json\/wp\/v2\/posts\/73\/revisions"}],"predecessor-version":[{"id":3973,"href":"https:\/\/seppohakkinen.fi\/wordpress\/index.php\/wp-json\/wp\/v2\/posts\/73\/revisions\/3973"}],"wp:attachment":[{"href":"https:\/\/seppohakkinen.fi\/wordpress\/index.php\/wp-json\/wp\/v2\/media?parent=73"}],"wp:term":[{"taxonomy":"category","embeddable":true,"href":"https:\/\/seppohakkinen.fi\/wordpress\/index.php\/wp-json\/wp\/v2\/categories?post=73"},{"taxonomy":"post_tag","embeddable":true,"href":"https:\/\/seppohakkinen.fi\/wordpress\/index.php\/wp-json\/wp\/v2\/tags?post=73"}],"curies":[{"name":"wp","href":"https:\/\/api.w.org\/{rel}","templated":true}]}}