{"id":730,"date":"2021-11-06T16:03:35","date_gmt":"2021-11-06T16:03:35","guid":{"rendered":"https:\/\/seppohakkinen.fi\/wordpress\/index.php\/2024\/01\/01\/saarna-kirkon-140-vuotisjuhlamessussa\/"},"modified":"2024-03-03T12:32:58","modified_gmt":"2024-03-03T12:32:58","slug":"saarna-kirkon-140-vuotisjuhlamessussa","status":"publish","type":"post","link":"https:\/\/seppohakkinen.fi\/wordpress\/index.php\/2021\/11\/06\/saarna-kirkon-140-vuotisjuhlamessussa\/","title":{"rendered":"Saarna kirkon 140-vuotisjuhlamessussa"},"content":{"rendered":"<p>Miehikk\u00e4l\u00e4n kirkossa 6.11.2021<\/p>\n<p><em>N\u00e4hdess\u00e4\u00e4n kansanjoukot Jeesus nousi vuorelle. H\u00e4n istuutui, ja opetuslapset tulivat h\u00e4nen luokseen. Silloin h\u00e4n alkoi puhua ja opetti heit\u00e4 n\u00e4in:<br \/>\n\u201dAutuaita ovat hengess\u00e4\u00e4n k\u00f6yh\u00e4t,<br \/>\nsill\u00e4 heid\u00e4n on taivasten valtakunta.<br \/>\nAutuaita murheelliset:<br \/>\nhe saavat lohdutuksen.<br \/>\nAutuaita k\u00e4rsiv\u00e4lliset:<br \/>\nhe periv\u00e4t maan.<br \/>\nAutuaita ne, joilla on vanhurskauden n\u00e4lk\u00e4 ja jano:<br \/>\nheid\u00e4t ravitaan.<br \/>\nAutuaita ne, jotka toisia armahtavat:<br \/>\nheid\u00e4t armahdetaan.<br \/>\nAutuaita puhdassyd\u00e4miset:<br \/>\nhe saavat n\u00e4hd\u00e4 Jumalan.<br \/>\nAutuaita rauhantekij\u00e4t:<br \/>\nhe saavat Jumalan lapsen nimen.<br \/>\nAutuaita ovat ne, joita vanhurskauden vuoksi vainotaan:<br \/>\nheid\u00e4n on taivasten valtakunta.<br \/>\nAutuaita olette te, kun teit\u00e4 minun t\u00e4hteni herjataan ja vainotaan ja kun teist\u00e4 valheellisesti puhutaan kaikkea pahaa. Iloitkaa ja riemuitkaa, sill\u00e4 palkka, jonka te taivaissa saatte, on suuri. Niinh\u00e4n vainottiin profeettojakin, jotka eliv\u00e4t ennen teit\u00e4.\u201d <\/em>(Matt. 5:1\u201312).<\/p>\n<p>Pyh\u00e4inp\u00e4iv\u00e4 on sulautuma kahdesta juhlasta, kaikkien pyhien p\u00e4iv\u00e4st\u00e4 (1.11.) ja kaikkien uskovien vainajien muistop\u00e4iv\u00e4st\u00e4 (2.11.). Muistelun kohteena ovat sek\u00e4 kaikki kristikunnan marttyyrit ett\u00e4 muut uskossa Kristukseen kuolleet.<\/p>\n<p>Arkkipiispa Nathan S\u00f6derblomin kerrotaan joskus lausahtaneen, ett\u00e4 pyh\u00e4t ovat ihmisi\u00e4, joiden l\u00e4hell\u00e4 on helpompi uskoa Jumalaan. T\u00e4n\u00e4\u00e4n muistamme Jumalan ihmisi\u00e4, miehi\u00e4 ja naisia, jotka ovat ottaneet uskon Jumalaan todesta. Siunaamme heit\u00e4, sill\u00e4 he ovat olleet niit\u00e4, joiden l\u00e4heisyydess\u00e4 on ollut helpompaa uskoa Jumalaan. Samalla muistamme Jumalan edess\u00e4 omia rakkaita vainajiamme, omaisiamme ja yst\u00e4vi\u00e4mme, jotka ovat nukkuneet pois.<\/p>\n<p>Pyh\u00e4inp\u00e4iv\u00e4\u00e4n liittyy kaipausta ja haikeutta, kenties surua ja ehk\u00e4 kipuakin. Kristillinen usko tuo t\u00e4h\u00e4n lohdutuksen, toivon ja kiitollisuuden. T\u00e4n\u00e4\u00e4n kiit\u00e4mme edesmenneist\u00e4 rakkaistamme ja rukoilemme heid\u00e4n puolestaan. T\u00e4ss\u00e4 jumalanpalveluksessa muistetaan erityisesti viimeisen vuoden aikana kuolleita ja haudattuja. Jokaiselle heist\u00e4 sytytet\u00e4\u00e4n muistokynttil\u00e4. Vanhan sielunmessun sanoin pyyd\u00e4mme: Herra, anna heille iankaikkinen lepo! Ikuinen valosi heit\u00e4 valaiskoon!<\/p>\n<p>Varhaisilla kristityill\u00e4 oli varma vakaumus siit\u00e4, ett\u00e4 seurakunta ei saanut unohtaa yht\u00e4\u00e4n niist\u00e4 miehist\u00e4 ja naisista, joiden osaksi oli tullut veritodistajan kohtalo Jeesuksen nimen t\u00e4hden. Mutta suurten vainojen aikana marttyyrej\u00e4 kertyi niin runsaasti, ett\u00e4 kalenterissa ei riitt\u00e4nyt heille muistop\u00e4ivi\u00e4. Niin ryhdyttiin viett\u00e4m\u00e4\u00e4n kaikkien marttyyrien p\u00e4iv\u00e4\u00e4, jotta yht\u00e4k\u00e4\u00e4n heist\u00e4 ei unohdettaisi. He olivat ihmisi\u00e4, jotka olivat ottaneet uskon Jumalaan todesta.<\/p>\n<p>Perim\u00e4tiedon mukaan vain yksi apostoli kohtasi luonnollisen kuoleman, ja h\u00e4nkin koki kidutusta. Kaikki muut apostolit surmattiin uskonsa takia. Vainon ajat eiv\u00e4t ole j\u00e4\u00e4neet antiikin Roomaan. Eri uskontojen edustajia vainotaan my\u00f6s t\u00e4n\u00e4\u00e4n, suurin ryhm\u00e4 ovat kristityt. Uskonnonvapauteen kuuluu vapaus uskoa yksityisesti ja julkisesti yksil\u00f6n\u00e4 ja yhteis\u00f6n\u00e4, toki luonnollisesti my\u00f6s vapaus olla uskomatta. Uskonnonvapaus ei ole itsest\u00e4\u00e4nselvyys suuressa osassa maailmaa. My\u00f6s meid\u00e4n maassamme sen toteutumista on jatkuvasti seurattava ja puolustettava.<\/p>\n<p>Pyh\u00e4inp\u00e4iv\u00e4n\u00e4 muistamme edesmenneiden pyhien ketjua. Erityisell\u00e4 tavalla t\u00e4m\u00e4 korostuu t\u00e4n\u00e4\u00e4n Miehikk\u00e4l\u00e4n kirkossa, kun viet\u00e4mme sen 140-vuotisjuhlaa. Pyh\u00e4inp\u00e4iv\u00e4n\u00e4 vuonna 1881 Miehikk\u00e4l\u00e4n kirkko vihittiin k\u00e4ytt\u00f6\u00f6n. Tuolloin pyh\u00e4inp\u00e4iv\u00e4\u00e4 vietettiin perinteisell\u00e4 paikallaan 1. marraskuuta. V\u00e4ke\u00e4 oli paljon liikkeell\u00e4, m\u00e4\u00e4r\u00e4 ilmaistaan hauskasti k\u00e4ytt\u00e4en mittayksikk\u00f6n\u00e4 kirkkoa: \u201dkolme kertaa kirkollinen\u201d.<\/p>\n<p>Miehikk\u00e4l\u00e4l\u00e4iset ovat 140 vuoden kantaneet t\u00e4ss\u00e4 kirkossa Jumalalle el\u00e4m\u00e4n ilonsa ja kiitoksensa, mutta samalla my\u00f6s tuskansa ja h\u00e4t\u00e4ns\u00e4, murheensa ja menetyksens\u00e4. Kirkossa on kastettu, konfirmoitu, vihitty ja siunattu hautaan tuhansia ihmisi\u00e4. T\u00e4\u00e4ll\u00e4 on julistettu Jumalan sanaa ja vietetty ehtoollista. Kaiken t\u00e4m\u00e4n j\u00e4lkeen t\u00e4m\u00e4 ei ole mik\u00e4 tahansa rakennus. T\u00e4m\u00e4 on kotikirkko.<\/p>\n<p>Kirkko on Miehikk\u00e4l\u00e4n keskeinen maamerkki. Kuitenkaan kirkkorakennus ei ole vain maisemallinen tai ulkoinen todellisuus, metrein mitattava tai euroin arvioitava. Kirkkorakennus on suurempien asioiden kantaja. Olemassaolollaan \u2013 etenkin kun hautausmaa on v\u00e4litt\u00f6m\u00e4ss\u00e4 l\u00e4heisyydess\u00e4 \u2013 se julistaa el\u00e4m\u00e4n jatkuvuutta yli sukupolvien. Vaikka yksil\u00f6t siirtyv\u00e4t yksi toisen j\u00e4lkeen ajan rajan tuolle puolen, el\u00e4m\u00e4 jatkuu, perheiden ja sukujen perinteet siirtyv\u00e4t eteenp\u00e4in. Jumala on uskollinen polvesta polveen. Me liitymme vuorollamme pyhien ketjuun. Kirkko v\u00e4litt\u00e4\u00e4 pyh\u00e4inp\u00e4iv\u00e4n sanomaa.<\/p>\n<p>Pyh\u00e4inp\u00e4iv\u00e4n\u00e4 on hyv\u00e4 huomata, ettei sana \u201dpyh\u00e4\u201d viittaa vain kuolleisiin. Pyh\u00e4 on yksi kristityn nimist\u00e4. Se mainitaan uskontunnustuksessa: \u201dmin\u00e4 uskon pyh\u00e4in yhteyden\u201d. Pyhien joukko on olemassa jo t\u00e4ss\u00e4 maailmassa, kirkossa, mutta ei silmin n\u00e4ht\u00e4v\u00e4ll\u00e4 tavalla. N\u00e4kyv\u00e4ksi pyh\u00e4in yhteys tulee vasta t\u00e4m\u00e4n el\u00e4m\u00e4n j\u00e4lkeen.<\/p>\n<p>Kirkon pitk\u00e4ss\u00e4 perinteess\u00e4 on aina ajateltu, ett\u00e4 usko pyh\u00e4in yhteyteen tarkoittaa osallisuutta pyhiin asioihin eli taivaan aarteisiin. Ihmisen pyhyytt\u00e4 t\u00e4rke\u00e4mp\u00e4\u00e4 on se, mist\u00e4 t\u00e4m\u00e4 tulee osalliseksi uskon kautta. On kyse kirkon hengellisist\u00e4 aarteista. Kirkon suurin aarre on sanoma Kristuksesta. H\u00e4ness\u00e4 meill\u00e4 on syntien anteeksiantamus, uuden el\u00e4m\u00e4n mahdollisuus ja iankaikkinen el\u00e4m\u00e4.<\/p>\n<p>Seurakunta pyhien yhteis\u00f6n\u00e4 ei ole pyh\u00e4 itsens\u00e4 t\u00e4hden, ei kelvollisuutensa tai hyvyytens\u00e4 t\u00e4hden. Pyhyys on aina Jumalan pyhyytt\u00e4. Jumala yksin on pyh\u00e4. Me ihmiset voimme olla t\u00e4ss\u00e4 pyhien ketjussa vain sen t\u00e4hden, ett\u00e4 kuulumme Jumalalle ja olemme h\u00e4nen omiaan, h\u00e4nen lunastamiaan ja sovittamiaan. Siksi me olemme pyhi\u00e4 ja liitymme pyhien ketjuun.<\/p>\n<p>Pyhyys on siis aina Jumalan pyhyytt\u00e4. T\u00e4st\u00e4 n\u00e4k\u00f6kulmasta ymm\u00e4rr\u00e4mme my\u00f6s pyh\u00e4inp\u00e4iv\u00e4n evankeliumin sanoman ja autuaaksi julistamiset oikein. Autuas tarkoittaa onnellista ja onniteltavaa.<\/p>\n<p><em>Autuaita ovat hengess\u00e4\u00e4n k\u00f6yh\u00e4t<\/em>, eiv\u00e4t siksi, ett\u00e4 he ovat k\u00f6yhi\u00e4, vaan siksi, ett\u00e4 Jumala armossaan jakaa heille lahjana taivaan valtakunnan kaikki aarteet.\u00a0<em>Autuaita ovat murheelliset<\/em>, eiv\u00e4t siksi, ett\u00e4 he ovat murheellisia, vaan siksi, ett\u00e4 Jumala ei armossaan j\u00e4t\u00e4 heit\u00e4 vaille lohdutusta.\u00a0<em>Autuaita k\u00e4rsiv\u00e4lliset,<\/em>\u00a0eiv\u00e4t siksi, ett\u00e4 he ovat k\u00e4rsiv\u00e4llisi\u00e4, vaan siksi, ett\u00e4 Juma\u00adlalla on heille lahjanaan tarjolla jotain sellaista, mit\u00e4 he eiv\u00e4t mill\u00e4\u00e4n ajallisella malttamisella tai malttamat\u00adtomuudella saavuta.<\/p>\n<p><em>Autuaita ne, joilla on vanhurs\u00adkauden n\u00e4lk\u00e4 ja jano,\u00a0<\/em>eiv\u00e4t siksi, ett\u00e4 heill\u00e4 on si\u00ads\u00e4inen puutostila, vaan siksi, ett\u00e4 Jumala ei j\u00e4t\u00e4 heit\u00e4 oikeutta ja armoa paitsi.\u00a0<em>Autuaita ne, jotka toisia armahtavat<\/em>, eiv\u00e4t siksi, ett\u00e4 he omista l\u00e4ht\u00f6kohdistaan pystyisiv\u00e4t armahtamaan, vaan siksi, ett\u00e4 he itse ovat ensin tulleet osallisiksi armosta.\u00a0<em>Autuaita ovat puhdassyd\u00e4\u00admiset<\/em>, eiv\u00e4t siksi, ett\u00e4 olisivat kyenneet puhdistamaan syd\u00e4mens\u00e4, vaan siksi, ett\u00e4 he armon puhdistamina saavat n\u00e4hd\u00e4 Jumalan.<\/p>\n<p><em>Autuai\u00adta ovat rauhantekij\u00e4t<\/em>, eiv\u00e4t siksi, ett\u00e4 he ovat teht\u00e4v\u00e4ss\u00e4 onnistuneita, vaan siksi, ett\u00e4 heid\u00e4t on armosta otettu Jumalan lapsiksi. Eiv\u00e4tk\u00e4 <em>Kristuksen t\u00e4hden vainotut<\/em> ole autuaita siksi, ett\u00e4 heit\u00e4 vaino\u00adtaan, vaan siksi, ett\u00e4 se tapahtuu Kristuksen t\u00e4hden, ja siksi, ett\u00e4 Kristuksen kanssa taisteleva ja k\u00e4rsiv\u00e4 on osallinen iankaikki\u00adsesta el\u00e4m\u00e4st\u00e4.<\/p>\n<p>Hyv\u00e4t seurakuntalaiset. Kun t\u00e4n\u00e4\u00e4n viet\u00e4mme ehtoollista, viet\u00e4mme sit\u00e4 yhdess\u00e4 kaikkien niiden kanssa, jotka ovat jo p\u00e4\u00e4sseet perille Jumalan kasvojen eteen. Pyh\u00e4-hymni\u00e4 edelt\u00e4v\u00e4ss\u00e4 rukouksessa sanomme: \u201dMe kiit\u00e4mme sinua t\u00e4st\u00e4 taivaan lahjasta ja laulamme sinulle ylistyst\u00e4 enkelien ja kaikkien pyhien kanssa.\u201d Sen j\u00e4lkeen laulamme Pyh\u00e4-hymni\u00e4, jota lauletaan Jumalan valtaistuimen edess\u00e4 \u201dPyh\u00e4, pyh\u00e4, pyh\u00e4 Herra Sebaot! Taivas ja maa on t\u00e4ynn\u00e4 kirkkauttasi.\u201d Polvistumme ehtoollisp\u00f6yt\u00e4\u00e4n kaaren t\u00e4lle puolen, toisella puolella ovat ne, jotka ovat jo perill\u00e4. Jumalanpalveluksemme t\u00e4ss\u00e4 140-vuotiaassa Miehikk\u00e4l\u00e4n kirkossa ennakoi taivaallista jumalanpalvelusta yhdess\u00e4 kaikkien pyhien kanssa.<\/p>\n","protected":false},"excerpt":{"rendered":"<p>Miehikk\u00e4l\u00e4n kirkossa 6.11.2021 N\u00e4hdess\u00e4\u00e4n kansanjoukot Jeesus nousi vuorelle. H\u00e4n istuutui, ja opetuslapset tulivat h\u00e4nen luokseen. Silloin h\u00e4n alkoi puhua ja opetti heit\u00e4 n\u00e4in: \u201dAutuaita ovat hengess\u00e4\u00e4n k\u00f6yh\u00e4t, sill\u00e4 heid\u00e4n on taivasten valtakunta. Autuaita murheelliset: he saavat lohdutuksen. Autuaita k\u00e4rsiv\u00e4lliset: he periv\u00e4t maan. Autuaita ne, joilla on vanhurskauden n\u00e4lk\u00e4 ja jano: heid\u00e4t ravitaan. Autuaita ne, jotka &#8230; <a title=\"Saarna kirkon 140-vuotisjuhlamessussa\" class=\"read-more\" href=\"https:\/\/seppohakkinen.fi\/wordpress\/index.php\/2021\/11\/06\/saarna-kirkon-140-vuotisjuhlamessussa\/\" aria-label=\"Lue lis\u00e4\u00e4 aiheesta Saarna kirkon 140-vuotisjuhlamessussa\">Lue lis\u00e4\u00e4<\/a><\/p>\n","protected":false},"author":1,"featured_media":0,"comment_status":"closed","ping_status":"open","sticky":false,"template":"","format":"standard","meta":{"footnotes":""},"categories":[9],"tags":[19],"class_list":["post-730","post","type-post","status-publish","format-standard","hentry","category-saarnat","tag-19"],"_links":{"self":[{"href":"https:\/\/seppohakkinen.fi\/wordpress\/index.php\/wp-json\/wp\/v2\/posts\/730","targetHints":{"allow":["GET"]}}],"collection":[{"href":"https:\/\/seppohakkinen.fi\/wordpress\/index.php\/wp-json\/wp\/v2\/posts"}],"about":[{"href":"https:\/\/seppohakkinen.fi\/wordpress\/index.php\/wp-json\/wp\/v2\/types\/post"}],"author":[{"embeddable":true,"href":"https:\/\/seppohakkinen.fi\/wordpress\/index.php\/wp-json\/wp\/v2\/users\/1"}],"replies":[{"embeddable":true,"href":"https:\/\/seppohakkinen.fi\/wordpress\/index.php\/wp-json\/wp\/v2\/comments?post=730"}],"version-history":[{"count":4,"href":"https:\/\/seppohakkinen.fi\/wordpress\/index.php\/wp-json\/wp\/v2\/posts\/730\/revisions"}],"predecessor-version":[{"id":4363,"href":"https:\/\/seppohakkinen.fi\/wordpress\/index.php\/wp-json\/wp\/v2\/posts\/730\/revisions\/4363"}],"wp:attachment":[{"href":"https:\/\/seppohakkinen.fi\/wordpress\/index.php\/wp-json\/wp\/v2\/media?parent=730"}],"wp:term":[{"taxonomy":"category","embeddable":true,"href":"https:\/\/seppohakkinen.fi\/wordpress\/index.php\/wp-json\/wp\/v2\/categories?post=730"},{"taxonomy":"post_tag","embeddable":true,"href":"https:\/\/seppohakkinen.fi\/wordpress\/index.php\/wp-json\/wp\/v2\/tags?post=730"}],"curies":[{"name":"wp","href":"https:\/\/api.w.org\/{rel}","templated":true}]}}