{"id":88,"date":"2016-10-05T16:04:41","date_gmt":"2016-10-05T16:04:41","guid":{"rendered":"https:\/\/seppohakkinen.fi\/wordpress\/index.php\/2024\/01\/01\/avaussanat-suomen-evankelis-luterilaisen-kirkon-ja-suomen-ortodoksisen-kirkon-xiii-teologisissa-neuvotteluissa-5-6-10-2016-mikkelissa\/"},"modified":"2024-01-26T20:44:58","modified_gmt":"2024-01-26T20:44:58","slug":"avaussanat-suomen-evankelis-luterilaisen-kirkon-ja-suomen-ortodoksisen-kirkon-xiii-teologisissa-neuvotteluissa-5-6-10-2016-mikkelissa","status":"publish","type":"post","link":"https:\/\/seppohakkinen.fi\/wordpress\/index.php\/2016\/10\/05\/avaussanat-suomen-evankelis-luterilaisen-kirkon-ja-suomen-ortodoksisen-kirkon-xiii-teologisissa-neuvotteluissa-5-6-10-2016-mikkelissa\/","title":{"rendered":"Avaussanat Suomen evankelis-luterilaisen kirkon ja Suomen ortodoksisen kirkon XIII teologisissa neuvotteluissa 5.-6.10.2016 Mikkeliss\u00e4"},"content":{"rendered":"<p>Ensimm\u00e4iset Suomen evankelis-luterilaisen kirkon ja Suomen ortodoksisen kirkon teologiset neuvottelut pidettiin t\u00e4\u00e4ll\u00e4 Mikkeliss\u00e4 28.9.1989. Arkkipiispa John Vikstr\u00f6m avasi kokouksen n\u00e4ill\u00e4 sanoilla: \u201dT\u00e4m\u00e4 on historiallinen hetki kirkkojemme el\u00e4m\u00e4ss\u00e4. Ensimm\u00e4ist\u00e4 kertaa kirkkojemme edustajat kokoontuvat nyt virallisiin oppikeskusteluihin. Monien vuosien ajan suunnitellut keskustelut alkavat t\u00e4n\u00e4\u00e4n l\u00e4mpimien ajatusten ja rukousten saattelemana. T\u00e4m\u00e4 on merkitt\u00e4v\u00e4 ekumeeninen tapahtuma meill\u00e4 Suomessa ja laajemmin koko kristikunnassa. Vaikka kysymyksess\u00e4 on kahden kansallisen kirkon kohtaaminen ja keskustelu Suomessa, keskustelussa on mukana kirkkojemme koko traditio. Me emme edusta vain suomalaista kristillisyytt\u00e4, vaan samalla omaa opillista perint\u00f6\u00e4mme, id\u00e4n ja l\u00e4nnen traditiota. Kysymys on id\u00e4n ja l\u00e4nnen perinteen kohtaamisesta.\u201d<\/p>\n<p>Vikstr\u00f6m totesi oppikeskustelujen olevan samalla kertaa sek\u00e4 haaste ett\u00e4 mahdollisuus. Toisen kirkon kohtaaminen haastaa meid\u00e4t etsim\u00e4\u00e4n omaa kirkollista identiteetti\u00e4mme. Se pakottaa perustelemaan omaa tunnustuksellista luonnetta tavalla, joka ei ole vain vanhojen oppilauseiden toistamista vaan uskon relevanttia ilmaisemista t\u00e4ss\u00e4 ajassa. Keskin\u00e4inen kohtaaminen on ainutlaatuinen mahdollisuus toinen toisemme parempaan tuntemiseen ja entist\u00e4 t\u00e4ydemp\u00e4\u00e4n yhteisest\u00e4 kristillisest\u00e4 uskosta iloitsemiseen.<\/p>\n<p>Nyt aloitamme neuvottelut, jotka ovat j\u00e4rjestyksess\u00e4\u00e4n kolmannettoista. Tarkoituksemme on yhdess\u00e4 arvioida sit\u00e4, mit\u00e4 hedelmi\u00e4 t\u00e4h\u00e4nastinen ty\u00f6skentely on tuottanut ja mitk\u00e4 ovat seuraavia askeleita yhteisen dialogin tiell\u00e4. Kaunista symboliikkaa on siin\u00e4, ett\u00e4 Mikkelist\u00e4 yli nelj\u00e4nnesvuosisata sitten alkaneiden neuvottelujen arviointi tapahtuu t\u00e4\u00e4ll\u00e4 Mikkeliss\u00e4. Mit\u00e4 olemme saaneet aikaan ja mihin meid\u00e4n tulisi yhdess\u00e4 suunnata t\u00e4m\u00e4n j\u00e4lkeen? Kysymys on t\u00e4rke\u00e4. Ennakoimatta viel\u00e4 sen enemmin t\u00e4m\u00e4n kertaisia neuvotteluja pohdin, olisiko dialogin tavoitteita syyt\u00e4 tarkistaa ja pyrki\u00e4 teologisesti syvemm\u00e4lle kuin mit\u00e4 nyt olemme t\u00e4h\u00e4nastisissa keskusteluissa p\u00e4\u00e4sseet.<\/p>\n<p>Luterilaiselle kirkolle dialogimme arviointi tulee tarpeeseen ja sopivaan aikaan. Tuoreessa linjausasiakirjassa <em>Kohtaamisen kirkko, Kansainv\u00e4lisen ja ekumeenisen toiminnan sek\u00e4 uskontojen kohtaamisen suunta vuoteen 2020<\/em> nimitt\u00e4in todetaan, ett\u00e4 Suomen evankelis-luterilainen kirkko arvioi k\u00e4ym\u00e4ns\u00e4 kahdenv\u00e4liset kotimaiset oppikeskustelut vuoden 2017 loppuun menness\u00e4 ja asettaa uudet konkreettiset tavoitteet. Neuvottelumme palvelee siis my\u00f6s t\u00e4t\u00e4 teht\u00e4v\u00e4\u00e4.<\/p>\n<p>Dialogin arvioinnin lis\u00e4ksi teemana on jumalanpalvelusel\u00e4m\u00e4mme yhteinen perint\u00f6. Jumalanpalveluksessa sykkii kirkon el\u00e4m\u00e4n syd\u00e4n. Siksi jumalallinen liturgia ja pyh\u00e4 messu ovat niin olennaisia sek\u00e4 ortodoksisessa ett\u00e4 luterilaisessa kirkossa. On arvokasta tunnistaa yhteiset juuret ja jumalanpalvelustemme sis\u00e4ll\u00f6lliset yhtenevyydet. Samalla luonnollisesti nousevat esille my\u00f6s erot ja ekumenian kipukohdat, kuten se, ettei meill\u00e4 ole ehtoollisyhteytt\u00e4 kesken\u00e4mme. Erot ovat useimmiten helpommin n\u00e4ht\u00e4viss\u00e4 kuin yht\u00e4l\u00e4isyydet. Juuri sen vuoksi on tarpeen k\u00e4sitell\u00e4 teemaa jumalanpalvelusel\u00e4m\u00e4mme yhteisest\u00e4 perinn\u00f6st\u00e4, jotta vahvistaisimme sit\u00e4, mik\u00e4 meit\u00e4 yhdist\u00e4\u00e4 eik\u00e4 sit\u00e4, mik\u00e4 meit\u00e4 erottaa.<\/p>\n<p>Ensimm\u00e4iset neuvottelut pidettiin Mikkeliss\u00e4, arkkienkeli Mikaelin kaupungissa, mikkelinp\u00e4iv\u00e4n aikaan. Silloin pyydettiin, ett\u00e4 \u201dJumalan pyh\u00e4t enkelit olisivat l\u00e4sn\u00e4 kohtaamisessamme ja varjelisivat meid\u00e4n yhteist\u00e4 tiet\u00e4mme\u201d. My\u00f6s t\u00e4m\u00e4n kertaiset neuvottelut j\u00e4rjestet\u00e4\u00e4n mikkelinp\u00e4iv\u00e4n j\u00e4lkeisell\u00e4 viikolla. Siksi pyynt\u00f6mme on luterilaisen kirkon mikkelinp\u00e4iv\u00e4n p\u00e4iv\u00e4n rukouksen sanoin:<\/p>\n<p>Herra Jumala, taivaallinen Is\u00e4. Sin\u00e4 l\u00e4het\u00e4t enkelisi kulkemaan edell\u00e4mme ja suojelemaan meit\u00e4 el\u00e4m\u00e4mme kaikissa vaiheissa. Tied\u00e4mme, ettet sin\u00e4 j\u00e4t\u00e4 meit\u00e4. Kuitenkin olemme usein malttamattomia, h\u00e4t\u00e4ilemme ja pelk\u00e4\u00e4mme. Anna meille levollinen mieli ja auta meit\u00e4 j\u00e4tt\u00e4ytym\u00e4\u00e4n turvallisesti sinun suojaasi. T\u00e4t\u00e4 rukoilemme Herramme Jeesuksen Kristuksen nimess\u00e4.<\/p>\n","protected":false},"excerpt":{"rendered":"<p>Ensimm\u00e4iset Suomen evankelis-luterilaisen kirkon ja Suomen ortodoksisen kirkon teologiset neuvottelut pidettiin t\u00e4\u00e4ll\u00e4 Mikkeliss\u00e4 28.9.1989. Arkkipiispa John Vikstr\u00f6m avasi kokouksen n\u00e4ill\u00e4 sanoilla: \u201dT\u00e4m\u00e4 on historiallinen hetki kirkkojemme el\u00e4m\u00e4ss\u00e4. Ensimm\u00e4ist\u00e4 kertaa kirkkojemme edustajat kokoontuvat nyt virallisiin oppikeskusteluihin. Monien vuosien ajan suunnitellut keskustelut alkavat t\u00e4n\u00e4\u00e4n l\u00e4mpimien ajatusten ja rukousten saattelemana. T\u00e4m\u00e4 on merkitt\u00e4v\u00e4 ekumeeninen tapahtuma meill\u00e4 Suomessa ja &#8230; <a title=\"Avaussanat Suomen evankelis-luterilaisen kirkon ja Suomen ortodoksisen kirkon XIII teologisissa neuvotteluissa 5.-6.10.2016 Mikkeliss\u00e4\" class=\"read-more\" href=\"https:\/\/seppohakkinen.fi\/wordpress\/index.php\/2016\/10\/05\/avaussanat-suomen-evankelis-luterilaisen-kirkon-ja-suomen-ortodoksisen-kirkon-xiii-teologisissa-neuvotteluissa-5-6-10-2016-mikkelissa\/\" aria-label=\"Lue lis\u00e4\u00e4 aiheesta Avaussanat Suomen evankelis-luterilaisen kirkon ja Suomen ortodoksisen kirkon XIII teologisissa neuvotteluissa 5.-6.10.2016 Mikkeliss\u00e4\">Lue lis\u00e4\u00e4<\/a><\/p>\n","protected":false},"author":1,"featured_media":0,"comment_status":"closed","ping_status":"open","sticky":false,"template":"","format":"standard","meta":{"footnotes":""},"categories":[4],"tags":[24],"class_list":["post-88","post","type-post","status-publish","format-standard","hentry","category-kirjoituksia","tag-24"],"_links":{"self":[{"href":"https:\/\/seppohakkinen.fi\/wordpress\/index.php\/wp-json\/wp\/v2\/posts\/88","targetHints":{"allow":["GET"]}}],"collection":[{"href":"https:\/\/seppohakkinen.fi\/wordpress\/index.php\/wp-json\/wp\/v2\/posts"}],"about":[{"href":"https:\/\/seppohakkinen.fi\/wordpress\/index.php\/wp-json\/wp\/v2\/types\/post"}],"author":[{"embeddable":true,"href":"https:\/\/seppohakkinen.fi\/wordpress\/index.php\/wp-json\/wp\/v2\/users\/1"}],"replies":[{"embeddable":true,"href":"https:\/\/seppohakkinen.fi\/wordpress\/index.php\/wp-json\/wp\/v2\/comments?post=88"}],"version-history":[{"count":4,"href":"https:\/\/seppohakkinen.fi\/wordpress\/index.php\/wp-json\/wp\/v2\/posts\/88\/revisions"}],"predecessor-version":[{"id":3576,"href":"https:\/\/seppohakkinen.fi\/wordpress\/index.php\/wp-json\/wp\/v2\/posts\/88\/revisions\/3576"}],"wp:attachment":[{"href":"https:\/\/seppohakkinen.fi\/wordpress\/index.php\/wp-json\/wp\/v2\/media?parent=88"}],"wp:term":[{"taxonomy":"category","embeddable":true,"href":"https:\/\/seppohakkinen.fi\/wordpress\/index.php\/wp-json\/wp\/v2\/categories?post=88"},{"taxonomy":"post_tag","embeddable":true,"href":"https:\/\/seppohakkinen.fi\/wordpress\/index.php\/wp-json\/wp\/v2\/tags?post=88"}],"curies":[{"name":"wp","href":"https:\/\/api.w.org\/{rel}","templated":true}]}}